{"id":1667,"date":"2020-10-09T08:08:13","date_gmt":"2020-10-09T08:08:13","guid":{"rendered":"http:\/\/derechosemipresencial.edu.umh.es\/?p=1437"},"modified":"2020-10-09T08:08:13","modified_gmt":"2020-10-09T08:08:13","slug":"congreso-internacional-sujetos-derechos-y-lealtad-constitucional","status":"publish","type":"post","link":"https:\/\/derechosemipresencial.umh.es\/en\/2020\/10\/09\/congreso-internacional-sujetos-derechos-y-lealtad-constitucional\/","title":{"rendered":"Congreso Internacional: \u201cSujetos, derechos y lealtad constitucional\u201d"},"content":{"rendered":"<p style=\"font-weight: 400\">El \u00c1rea de Derecho Constitucional UMH organiza\u00a0<strong>los d\u00edas 19 \u2013sesi\u00f3n ma\u00f1ana y sesi\u00f3n de tarde- y 20 de octubre \u2013sesi\u00f3n de tarde-\u00a0<\/strong>\u00a0un congreso internacional en formato Webinar:<\/p>\n<p style=\"font-weight: 400\">Pueden formalizar su inscripci\u00f3n en \u2013plazas limitadas-:\u00a0<a href=\"https:\/\/forms.gle\/dif1QjuKvP1dHo1C9\" data-saferedirecturl=\"https:\/\/www.google.com\/url?q=https:\/\/forms.gle\/dif1QjuKvP1dHo1C9&amp;source=gmail&amp;ust=1602316030038000&amp;usg=AFQjCNEcunorEqCPNQbPM6rxwzfXsqYN-Q\">https:\/\/forms.gle\/dif1QjuKvP1dHo1C9<\/a><\/p>\n<p style=\"font-weight: 400\">\u00a0* Recomendaci\u00f3n: inscripciones con correo goumh o Gmail.<\/p>\n<p style=\"font-weight: 400\">\u00a0La actividad contar\u00e1 con reconocimiento para el alumnado asistente (pendiente de resoluci\u00f3n).<a href=\"http:\/\/derechosemipresencial.edu.umh.es\/wp-content\/uploads\/sites\/399\/2020\/10\/AORG-2020-PROGRAMA-REDES-1_page-0001.jpg\"><img loading=\"lazy\" class=\"alignnone size-medium wp-image-1439\" src=\"http:\/\/derechosemipresencial.edu.umh.es\/wp-content\/uploads\/sites\/399\/2020\/10\/AORG-2020-PROGRAMA-REDES-1_page-0001-300x212.jpg\" alt=\"AORG 2020 PROGRAMA REDES-1_page-0001\" width=\"300\" height=\"212\" \/><\/a><\/p>\n","protected":false},"excerpt":{"rendered":"<p>El \u00c1rea de Derecho Constitucional UMH organiza\u00a0los d\u00edas 19 \u2013sesi\u00f3n ma\u00f1ana y sesi\u00f3n de tarde- y 20 de octubre \u2013sesi\u00f3n de tarde-\u00a0\u00a0un congreso internacional en formato Webinar: Pueden formalizar su inscripci\u00f3n en \u2013plazas limitadas-:\u00a0https:\/\/forms.gle\/dif1QjuKvP1dHo1C9 \u00a0* Recomendaci\u00f3n: inscripciones con correo goumh o Gmail. \u00a0La actividad contar\u00e1 con reconocimiento para el alumnado asistente (pendiente de resoluci\u00f3n).<\/p>\n","protected":false},"author":724,"featured_media":0,"comment_status":"open","ping_status":"open","sticky":false,"template":"","format":"standard","meta":{"_et_pb_use_builder":"","_et_pb_old_content":"","_et_gb_content_width":"","ngg_post_thumbnail":0,"_links_to":"","_links_to_target":""},"categories":[228],"tags":[],"_links":{"self":[{"href":"https:\/\/derechosemipresencial.umh.es\/en\/wp-json\/wp\/v2\/posts\/1667"}],"collection":[{"href":"https:\/\/derechosemipresencial.umh.es\/en\/wp-json\/wp\/v2\/posts"}],"about":[{"href":"https:\/\/derechosemipresencial.umh.es\/en\/wp-json\/wp\/v2\/types\/post"}],"author":[{"embeddable":true,"href":"https:\/\/derechosemipresencial.umh.es\/en\/wp-json\/wp\/v2\/users\/724"}],"replies":[{"embeddable":true,"href":"https:\/\/derechosemipresencial.umh.es\/en\/wp-json\/wp\/v2\/comments?post=1667"}],"version-history":[{"count":0,"href":"https:\/\/derechosemipresencial.umh.es\/en\/wp-json\/wp\/v2\/posts\/1667\/revisions"}],"wp:attachment":[{"href":"https:\/\/derechosemipresencial.umh.es\/en\/wp-json\/wp\/v2\/media?parent=1667"}],"wp:term":[{"taxonomy":"category","embeddable":true,"href":"https:\/\/derechosemipresencial.umh.es\/en\/wp-json\/wp\/v2\/categories?post=1667"},{"taxonomy":"post_tag","embeddable":true,"href":"https:\/\/derechosemipresencial.umh.es\/en\/wp-json\/wp\/v2\/tags?post=1667"}],"curies":[{"name":"wp","href":"https:\/\/api.w.org\/{rel}","templated":true}]}}