{"id":1631,"date":"2018-11-12T21:41:41","date_gmt":"2018-11-12T21:41:41","guid":{"rendered":"http:\/\/derechosemipresencial.edu.umh.es\/?p=1030"},"modified":"2018-11-12T21:41:41","modified_gmt":"2018-11-12T21:41:41","slug":"los-desafios-del-sistema-de-justicia-penal-frente-a-los-grupos-vulnerables-14-y-15-nov-2018-2","status":"publish","type":"post","link":"https:\/\/derechosemipresencial.umh.es\/en\/2018\/11\/12\/los-desafios-del-sistema-de-justicia-penal-frente-a-los-grupos-vulnerables-14-y-15-nov-2018-2\/","title":{"rendered":"&quot;Los desaf\u00edos del sistema de justicia penal frente a los grupos vulnerables&quot;, 14 y 15 nov. 2018"},"content":{"rendered":"<p>Los pr\u00f3ximos d\u00edas 14 y 15 de noviembre tendr\u00e1 lugar las Jornadas sobre &#8220;Los desaf\u00edos del sistema de justicia penal frente a los grupos vulnerables&#8221;. Pod\u00e9is consultar el programa <a href=\"https:\/\/drive.google.com\/file\/d\/1mFdM3oCadBfFJoo0W2QRbXi1q8PQ__RR\/view?usp=sharing\" target=\"_blank\" rel=\"noopener noreferrer\">aqu\u00ed<\/a>. Para asistir es necesario inscribirse en<br \/>\n<a href=\"https:\/\/goo.gl\/forms\/\"><span style=\"font-family: Calibri\">https:\/\/goo.gl\/forms\/<\/span><\/a><span style=\"color: #000000;font-family: Calibri\">SqMa6UkrSqzvd9O92<\/span><br \/>\n<a href=\"http:\/\/derechosemipresencial.edu.umh.es\/wp-content\/uploads\/sites\/399\/2018\/11\/DesafiosJusticia.jpg\"><img loading=\"lazy\" class=\"alignnone size-medium wp-image-1031\" src=\"http:\/\/derechosemipresencial.edu.umh.es\/wp-content\/uploads\/sites\/399\/2018\/11\/DesafiosJusticia-218x300.jpg\" alt=\"DesafiosJusticia\" width=\"218\" height=\"300\" srcset=\"https:\/\/derechosemipresencial.umh.es\/files\/2018\/11\/DesafiosJusticia-218x300.jpg 218w, https:\/\/derechosemipresencial.umh.es\/files\/2018\/11\/DesafiosJusticia-768x1058.jpg 768w, https:\/\/derechosemipresencial.umh.es\/files\/2018\/11\/DesafiosJusticia-743x1024.jpg 743w, https:\/\/derechosemipresencial.umh.es\/files\/2018\/11\/DesafiosJusticia.jpg 1304w\" sizes=\"(max-width: 218px) 100vw, 218px\" \/><\/a><br \/>\n&nbsp;<br \/>\n<span style=\"color: #000000;font-family: Calibri\">\u00a0<\/span><\/p>\n","protected":false},"excerpt":{"rendered":"<p>Los pr\u00f3ximos d\u00edas 14 y 15 de noviembre tendr\u00e1 lugar las Jornadas sobre &#8220;Los desaf\u00edos del sistema de justicia penal frente a los grupos vulnerables&#8221;. Pod\u00e9is consultar el programa aqu\u00ed. Para asistir es necesario inscribirse en https:\/\/goo.gl\/forms\/SqMa6UkrSqzvd9O92 &nbsp; \u00a0<\/p>\n","protected":false},"author":724,"featured_media":0,"comment_status":"open","ping_status":"open","sticky":false,"template":"","format":"standard","meta":{"_et_pb_use_builder":"","_et_pb_old_content":"","_et_gb_content_width":"","ngg_post_thumbnail":0,"_links_to":"","_links_to_target":""},"categories":[228],"tags":[],"_links":{"self":[{"href":"https:\/\/derechosemipresencial.umh.es\/en\/wp-json\/wp\/v2\/posts\/1631"}],"collection":[{"href":"https:\/\/derechosemipresencial.umh.es\/en\/wp-json\/wp\/v2\/posts"}],"about":[{"href":"https:\/\/derechosemipresencial.umh.es\/en\/wp-json\/wp\/v2\/types\/post"}],"author":[{"embeddable":true,"href":"https:\/\/derechosemipresencial.umh.es\/en\/wp-json\/wp\/v2\/users\/724"}],"replies":[{"embeddable":true,"href":"https:\/\/derechosemipresencial.umh.es\/en\/wp-json\/wp\/v2\/comments?post=1631"}],"version-history":[{"count":0,"href":"https:\/\/derechosemipresencial.umh.es\/en\/wp-json\/wp\/v2\/posts\/1631\/revisions"}],"wp:attachment":[{"href":"https:\/\/derechosemipresencial.umh.es\/en\/wp-json\/wp\/v2\/media?parent=1631"}],"wp:term":[{"taxonomy":"category","embeddable":true,"href":"https:\/\/derechosemipresencial.umh.es\/en\/wp-json\/wp\/v2\/categories?post=1631"},{"taxonomy":"post_tag","embeddable":true,"href":"https:\/\/derechosemipresencial.umh.es\/en\/wp-json\/wp\/v2\/tags?post=1631"}],"curies":[{"name":"wp","href":"https:\/\/api.w.org\/{rel}","templated":true}]}}