{"id":1545,"date":"2021-04-28T09:46:22","date_gmt":"2021-04-28T09:46:22","guid":{"rendered":"https:\/\/derechosemipresencial.umh.es\/?p=1545"},"modified":"2021-04-28T09:46:22","modified_gmt":"2021-04-28T09:46:22","slug":"xxv-premio-estudios-juridicos-universitarios-manuel-broseta-pont","status":"publish","type":"post","link":"https:\/\/derechosemipresencial.umh.es\/en\/2021\/04\/28\/xxv-premio-estudios-juridicos-universitarios-manuel-broseta-pont\/","title":{"rendered":"XXV PREMIO ESTUDIOS JUR\u00cdDICOS UNIVERSITARIOS \u201cMANUEL BROSETA PONT\u201d"},"content":{"rendered":"<p>La Fundaci\u00f3n Profesor Manuel Broseta, fundada en 1992, convoca al XXV Premio de Estudios Jur\u00eddicos Universitarios \u201cManuel Broseta\u201d. Pueden presentarse todos los interesados que re\u00fanan los siguientes requisitos:<br \/>\nA).- Estar en posesi\u00f3n del Grado o Licenciatura en Derecho en cualquiera de las Universidades de la Comunitat Valenciana, y haberlo obtenido entre el 1 de junio de 2019 y la finalizaci\u00f3n del plazo de entrega de la documentaci\u00f3n (base cuarta).<br \/>\nB).- Haber obtenido durante los estudios conducentes al t\u00edtulo citado en la base 2.A un m\u00ednimo de diez matr\u00edculas de honor en asignaturas del grado en derecho.<br \/>\nC).- Presentar una monograf\u00eda original sobre cualquier tema jur\u00eddico, con una extensi\u00f3n m\u00ednima de 20 p\u00e1ginas en formato A4 y m\u00e1xima de 50 p\u00e1ginas en el mismo formato.<br \/>\nEl plazo est\u00e1 abierto hasta el pr\u00f3ximo 3 de diciembre de 2021. Para acceder a las bases pincha en el siguiente <a href=\"https:\/\/drive.google.com\/file\/d\/1TWjxCkdqjzEnpNyZMeTFclqwWvYENGOF\/view?usp=sharing\">enlace<\/a>.<\/p>\n","protected":false},"excerpt":{"rendered":"<p>La Fundaci\u00f3n Profesor Manuel Broseta, fundada en 1992, convoca al XXV Premio de Estudios Jur\u00eddicos Universitarios \u201cManuel Broseta\u201d. Pueden presentarse todos los interesados que re\u00fanan los siguientes requisitos: A).- Estar en posesi\u00f3n del Grado o Licenciatura en Derecho en cualquiera de las Universidades de la Comunitat Valenciana, y haberlo obtenido entre el 1 de junio [&hellip;]<\/p>\n","protected":false},"author":3004,"featured_media":0,"comment_status":"closed","ping_status":"closed","sticky":false,"template":"","format":"standard","meta":{"_et_pb_use_builder":"","_et_pb_old_content":"","_et_gb_content_width":"","ngg_post_thumbnail":0,"_links_to":"","_links_to_target":""},"categories":[228],"tags":[],"_links":{"self":[{"href":"https:\/\/derechosemipresencial.umh.es\/en\/wp-json\/wp\/v2\/posts\/1545"}],"collection":[{"href":"https:\/\/derechosemipresencial.umh.es\/en\/wp-json\/wp\/v2\/posts"}],"about":[{"href":"https:\/\/derechosemipresencial.umh.es\/en\/wp-json\/wp\/v2\/types\/post"}],"author":[{"embeddable":true,"href":"https:\/\/derechosemipresencial.umh.es\/en\/wp-json\/wp\/v2\/users\/3004"}],"replies":[{"embeddable":true,"href":"https:\/\/derechosemipresencial.umh.es\/en\/wp-json\/wp\/v2\/comments?post=1545"}],"version-history":[{"count":0,"href":"https:\/\/derechosemipresencial.umh.es\/en\/wp-json\/wp\/v2\/posts\/1545\/revisions"}],"wp:attachment":[{"href":"https:\/\/derechosemipresencial.umh.es\/en\/wp-json\/wp\/v2\/media?parent=1545"}],"wp:term":[{"taxonomy":"category","embeddable":true,"href":"https:\/\/derechosemipresencial.umh.es\/en\/wp-json\/wp\/v2\/categories?post=1545"},{"taxonomy":"post_tag","embeddable":true,"href":"https:\/\/derechosemipresencial.umh.es\/en\/wp-json\/wp\/v2\/tags?post=1545"}],"curies":[{"name":"wp","href":"https:\/\/api.w.org\/{rel}","templated":true}]}}