{"id":1537,"date":"2021-03-23T08:40:21","date_gmt":"2021-03-23T08:40:21","guid":{"rendered":"https:\/\/derechosemipresencial.umh.es\/?p=1537"},"modified":"2021-03-23T08:40:21","modified_gmt":"2021-03-23T08:40:21","slug":"quieres-ganar-un-ipad-de-apple-10-2-participa-en-guesss-2021","status":"publish","type":"post","link":"https:\/\/derechosemipresencial.umh.es\/en\/2021\/03\/23\/quieres-ganar-un-ipad-de-apple-10-2-participa-en-guesss-2021\/","title":{"rendered":"\u00bfQuieres ganar un iPad de Apple 10.2? Participa en GUESSS 2021"},"content":{"rendered":"<p>El \u00c1rea de Organizaci\u00f3n de Empresas est\u00e1 colaborando, junto a otras Universidades, en el proyecto GUESSS (Global University Entrepreneurial Spirit Students&#8217; Survey) 2021. Se trata de un proyecto que persigue\u00a0analizar las intenciones de carrera del estudiantado y, a su vez, conocer si est\u00e1 desarrollando alguna iniciativa emprendedora o actividad profesional.<br \/>\nEn este sentido, animamos a todos los interesados a contestar una breve encuesta de 15 minutos en: <a href=\"https:\/\/stgallen.co1.qualtrics.com\/jfe\/form\/SV_d4stVsEgVsJVT1j?Q_Language=ES-ES\">\u00a0https:\/\/tinyurl.com\/g21-es<\/a><br \/>\nTodos aquellos que la cumplimenten podr\u00e1n participar en un\u00a0<strong>sorteo de 5 iPads de Apple 10.2<\/strong>\u00a0de \u00faltima generaci\u00f3n<br \/>\nPara saber m\u00e1s del proyecto\u00a0GUESSS\u00a0entra en:\u00a0<a href=\"https:\/\/guesss-spain.com\/\">https:\/\/guesss-spain.com\/<\/a><br \/>\n&nbsp;<br \/>\n&nbsp;<\/p>\n","protected":false},"excerpt":{"rendered":"<p>El \u00c1rea de Organizaci\u00f3n de Empresas est\u00e1 colaborando, junto a otras Universidades, en el proyecto GUESSS (Global University Entrepreneurial Spirit Students&#8217; Survey) 2021. Se trata de un proyecto que persigue\u00a0analizar las intenciones de carrera del estudiantado y, a su vez, conocer si est\u00e1 desarrollando alguna iniciativa emprendedora o actividad profesional. En este sentido, animamos a [&hellip;]<\/p>\n","protected":false},"author":3004,"featured_media":0,"comment_status":"closed","ping_status":"closed","sticky":false,"template":"","format":"standard","meta":{"_et_pb_use_builder":"","_et_pb_old_content":"","_et_gb_content_width":"","ngg_post_thumbnail":0,"_links_to":"","_links_to_target":""},"categories":[228],"tags":[],"_links":{"self":[{"href":"https:\/\/derechosemipresencial.umh.es\/en\/wp-json\/wp\/v2\/posts\/1537"}],"collection":[{"href":"https:\/\/derechosemipresencial.umh.es\/en\/wp-json\/wp\/v2\/posts"}],"about":[{"href":"https:\/\/derechosemipresencial.umh.es\/en\/wp-json\/wp\/v2\/types\/post"}],"author":[{"embeddable":true,"href":"https:\/\/derechosemipresencial.umh.es\/en\/wp-json\/wp\/v2\/users\/3004"}],"replies":[{"embeddable":true,"href":"https:\/\/derechosemipresencial.umh.es\/en\/wp-json\/wp\/v2\/comments?post=1537"}],"version-history":[{"count":0,"href":"https:\/\/derechosemipresencial.umh.es\/en\/wp-json\/wp\/v2\/posts\/1537\/revisions"}],"wp:attachment":[{"href":"https:\/\/derechosemipresencial.umh.es\/en\/wp-json\/wp\/v2\/media?parent=1537"}],"wp:term":[{"taxonomy":"category","embeddable":true,"href":"https:\/\/derechosemipresencial.umh.es\/en\/wp-json\/wp\/v2\/categories?post=1537"},{"taxonomy":"post_tag","embeddable":true,"href":"https:\/\/derechosemipresencial.umh.es\/en\/wp-json\/wp\/v2\/tags?post=1537"}],"curies":[{"name":"wp","href":"https:\/\/api.w.org\/{rel}","templated":true}]}}