{"id":1530,"date":"2021-03-09T12:14:52","date_gmt":"2021-03-09T12:14:52","guid":{"rendered":"https:\/\/derechosemipresencial.umh.es\/?p=1530"},"modified":"2021-03-09T12:14:52","modified_gmt":"2021-03-09T12:14:52","slug":"vi-seminario-permanente-de-actualidad-juridica-2","status":"publish","type":"post","link":"https:\/\/derechosemipresencial.umh.es\/en\/2021\/03\/09\/vi-seminario-permanente-de-actualidad-juridica-2\/","title":{"rendered":"VI Seminario Permanente de Actualidad Jur\u00eddica"},"content":{"rendered":"<p>\u00a1Nueva sesi\u00f3n del VI Seminario Permanente de Actualidad Jur\u00eddica!<br \/>\nEn esta ocasi\u00f3n,\u00a0el profesor Dr. Barcel\u00f3 Domenech, Catedr\u00e1tico de Derecho civil en la Universidad de Alicante, \u00a0nos hablar\u00e1 acerca de\u00a0&#8220;La vacunaci\u00f3n de menores en situaciones de conflicto en el ejercicio de la patria potestad.&#8221;<br \/>\n<img loading=\"lazy\" class=\"aligncenter wp-image-1531 size-large\" src=\"http:\/\/derechosemipresencial.edu.umh.es\/wp-content\/uploads\/sites\/399\/2021\/03\/P\u00f3ster-2-sesi\u00f3n-731x1024.jpeg\" alt=\"P\u00f3ster 2 sesi\u00f3n\" width=\"731\" height=\"1024\" \/><br \/>\n&nbsp;<br \/>\nToda la informaci\u00f3n se puede consultar en\u00a0<a href=\"https:\/\/spactualidadjuridica.es\">spactualidadjuridica.es<\/a>, donde tambi\u00e9n podr\u00e1n realizarse las<a href=\"https:\/\/spactualidadjuridica.es\/inscripcion-charla-12-de-marzo\/\">\u00a0inscripciones<\/a>.<\/p>\n<h2><\/h2>\n","protected":false},"excerpt":{"rendered":"<p>\u00a1Nueva sesi\u00f3n del VI Seminario Permanente de Actualidad Jur\u00eddica! En esta ocasi\u00f3n,\u00a0el profesor Dr. Barcel\u00f3 Domenech, Catedr\u00e1tico de Derecho civil en la Universidad de Alicante, \u00a0nos hablar\u00e1 acerca de\u00a0&#8220;La vacunaci\u00f3n de menores en situaciones de conflicto en el ejercicio de la patria potestad.&#8221; &nbsp; Toda la informaci\u00f3n se puede consultar en\u00a0spactualidadjuridica.es, donde tambi\u00e9n podr\u00e1n realizarse [&hellip;]<\/p>\n","protected":false},"author":3004,"featured_media":0,"comment_status":"closed","ping_status":"closed","sticky":false,"template":"","format":"standard","meta":{"_et_pb_use_builder":"","_et_pb_old_content":"","_et_gb_content_width":"","ngg_post_thumbnail":0,"_links_to":"","_links_to_target":""},"categories":[228],"tags":[],"_links":{"self":[{"href":"https:\/\/derechosemipresencial.umh.es\/en\/wp-json\/wp\/v2\/posts\/1530"}],"collection":[{"href":"https:\/\/derechosemipresencial.umh.es\/en\/wp-json\/wp\/v2\/posts"}],"about":[{"href":"https:\/\/derechosemipresencial.umh.es\/en\/wp-json\/wp\/v2\/types\/post"}],"author":[{"embeddable":true,"href":"https:\/\/derechosemipresencial.umh.es\/en\/wp-json\/wp\/v2\/users\/3004"}],"replies":[{"embeddable":true,"href":"https:\/\/derechosemipresencial.umh.es\/en\/wp-json\/wp\/v2\/comments?post=1530"}],"version-history":[{"count":0,"href":"https:\/\/derechosemipresencial.umh.es\/en\/wp-json\/wp\/v2\/posts\/1530\/revisions"}],"wp:attachment":[{"href":"https:\/\/derechosemipresencial.umh.es\/en\/wp-json\/wp\/v2\/media?parent=1530"}],"wp:term":[{"taxonomy":"category","embeddable":true,"href":"https:\/\/derechosemipresencial.umh.es\/en\/wp-json\/wp\/v2\/categories?post=1530"},{"taxonomy":"post_tag","embeddable":true,"href":"https:\/\/derechosemipresencial.umh.es\/en\/wp-json\/wp\/v2\/tags?post=1530"}],"curies":[{"name":"wp","href":"https:\/\/api.w.org\/{rel}","templated":true}]}}