{"id":1524,"date":"2021-03-04T09:08:37","date_gmt":"2021-03-04T09:08:37","guid":{"rendered":"https:\/\/derechosemipresencial.umh.es\/?p=1524"},"modified":"2021-03-04T09:08:37","modified_gmt":"2021-03-04T09:08:37","slug":"calificaciones-tfg-convocatoria-de-febrero-curso-20202021","status":"publish","type":"post","link":"https:\/\/derechosemipresencial.umh.es\/en\/2021\/03\/04\/calificaciones-tfg-convocatoria-de-febrero-curso-20202021\/","title":{"rendered":"CALIFICACIONES TFG. CONVOCATORIA DE FEBRERO CURSO 2020\/2021"},"content":{"rendered":"<div class=\"tituloListadoPost\">\n<h2 class=\"tituloPostListado\" style=\"text-align: center\">CALIFICACIONES CORRESPONDIENTES A LA ASIGNATURA \u201cTRABAJO DE FIN DE GRADO\u201d.<br \/>\nGRADO EN DERECHO SEMIPRESENCIAL.<br \/>\nCURSO\u00a0 ACAD\u00c9MICO 2020-2021.<br \/>\nConvocatoria febrero 2021.<\/h2>\n<p>&nbsp;<\/p>\n<p style=\"text-align: center\">\n<table class=\" aligncenter\" width=\"507\">\n<tbody>\n<tr>\n<td width=\"108\">Titulaci\u00f3n<\/td>\n<td width=\"234\">Nombre<\/td>\n<td width=\"82\">NOTA<\/td>\n<td width=\"83\"><\/td>\n<\/tr>\n<tr>\n<td>DER SEMI<\/td>\n<td>ALARCON CEDE\u00d1O, BRYAN ALEXANDER<\/td>\n<td>6,00<\/td>\n<td><\/td>\n<\/tr>\n<tr>\n<td>DER SEMI<\/td>\n<td>ESCUDERO ORTEGA, JOS\u00c9 MANUEL<\/td>\n<td>8,00<\/td>\n<td><\/td>\n<\/tr>\n<tr>\n<td>DER SEMI<\/td>\n<td>JIM\u00c9NEZ HERN\u00c1NDEZ, AGUST\u00cdN<\/td>\n<td>8,50<\/td>\n<td><\/td>\n<\/tr>\n<tr>\n<td>DER SEMI<\/td>\n<td>P\u00c9REZ MACI\u00c1, ANTONIO H\u00c9CTOR<\/td>\n<td>10,00<\/td>\n<td><\/td>\n<\/tr>\n<tr>\n<td>DER SEMI<\/td>\n<td>P\u00c9REZ VEGARA, MARIA ELENA<\/td>\n<td>10,00<\/td>\n<td><\/td>\n<\/tr>\n<\/tbody>\n<\/table>\n<\/div>\n","protected":false},"excerpt":{"rendered":"<p>CALIFICACIONES CORRESPONDIENTES A LA ASIGNATURA \u201cTRABAJO DE FIN DE GRADO\u201d. GRADO EN DERECHO SEMIPRESENCIAL. CURSO\u00a0 ACAD\u00c9MICO 2020-2021. Convocatoria febrero 2021. &nbsp; Titulaci\u00f3n Nombre NOTA DER SEMI ALARCON CEDE\u00d1O, BRYAN ALEXANDER 6,00 DER SEMI ESCUDERO ORTEGA, JOS\u00c9 MANUEL 8,00 DER SEMI JIM\u00c9NEZ HERN\u00c1NDEZ, AGUST\u00cdN 8,50 DER SEMI P\u00c9REZ MACI\u00c1, ANTONIO H\u00c9CTOR 10,00 DER SEMI P\u00c9REZ VEGARA, [&hellip;]<\/p>\n","protected":false},"author":3004,"featured_media":0,"comment_status":"closed","ping_status":"closed","sticky":false,"template":"","format":"standard","meta":{"_et_pb_use_builder":"","_et_pb_old_content":"","_et_gb_content_width":"","ngg_post_thumbnail":0,"_links_to":"","_links_to_target":""},"categories":[228],"tags":[],"_links":{"self":[{"href":"https:\/\/derechosemipresencial.umh.es\/en\/wp-json\/wp\/v2\/posts\/1524"}],"collection":[{"href":"https:\/\/derechosemipresencial.umh.es\/en\/wp-json\/wp\/v2\/posts"}],"about":[{"href":"https:\/\/derechosemipresencial.umh.es\/en\/wp-json\/wp\/v2\/types\/post"}],"author":[{"embeddable":true,"href":"https:\/\/derechosemipresencial.umh.es\/en\/wp-json\/wp\/v2\/users\/3004"}],"replies":[{"embeddable":true,"href":"https:\/\/derechosemipresencial.umh.es\/en\/wp-json\/wp\/v2\/comments?post=1524"}],"version-history":[{"count":0,"href":"https:\/\/derechosemipresencial.umh.es\/en\/wp-json\/wp\/v2\/posts\/1524\/revisions"}],"wp:attachment":[{"href":"https:\/\/derechosemipresencial.umh.es\/en\/wp-json\/wp\/v2\/media?parent=1524"}],"wp:term":[{"taxonomy":"category","embeddable":true,"href":"https:\/\/derechosemipresencial.umh.es\/en\/wp-json\/wp\/v2\/categories?post=1524"},{"taxonomy":"post_tag","embeddable":true,"href":"https:\/\/derechosemipresencial.umh.es\/en\/wp-json\/wp\/v2\/tags?post=1524"}],"curies":[{"name":"wp","href":"https:\/\/api.w.org\/{rel}","templated":true}]}}