{"id":1471,"date":"2021-02-22T21:00:44","date_gmt":"2021-02-22T21:00:44","guid":{"rendered":"http:\/\/derechosemipresencial.edu.umh.es\/?p=1471"},"modified":"2021-02-22T21:00:44","modified_gmt":"2021-02-22T21:00:44","slug":"vi-seminario-permanente-de-actualidad-juridica","status":"publish","type":"post","link":"https:\/\/derechosemipresencial.umh.es\/en\/2021\/02\/22\/vi-seminario-permanente-de-actualidad-juridica\/","title":{"rendered":"VI Seminario Permanente de Actualidad Jur\u00eddica"},"content":{"rendered":"<p>El pr\u00f3ximo viernes, 26 de febrero de 2021 dar\u00e1 comienzo una nueva edici\u00f3n del Seminario Permanente de Actualidad Jur\u00eddica.<br \/>\nEl Departamento de Ciencia Jur\u00eddica y la Facultad de Ciencias Sociales y Jur\u00eddicas de Elche de la UMH desarrollan conjuntamente, desde el curso 2013-2014, un ciclo de conferencias en las que catedr\u00e1ticos y profesionales de reconocido prestigio analizan cuestiones y problemas de car\u00e1cter jur\u00eddico de inter\u00e9s y relevancia. Con esta iniciativa se da a conocer a la sociedad la labor investigadora que realizan los profesores de la UMH del \u00e1mbito de las Ciencias Jur\u00eddicas, creando un puente de conexi\u00f3n entre la actividad cient\u00edfica universitaria y la praxis jur\u00eddica, sin duda una plataforma de transferencia del conocimiento entre el mundo acad\u00e9mico y la sociedad.<br \/>\nLa sesi\u00f3n del d\u00eda 26 de febrero\u00a0ser\u00e1 impartida por Adri\u00e1n Ballester Espinosa, que nos hablar\u00e1 de &#8220;La administraci\u00f3n p\u00fablica digital: Pasado, presente y futuro de la administraci\u00f3n electr\u00f3nica&#8221;.<br \/>\nToda la informaci\u00f3n y la inscripci\u00f3n al mismo, podr\u00e1 consultarse en\u00a0<a href=\"https:\/\/spactualidadjuridica.es\/\" target=\"_blank\" rel=\"noopener noreferrer\">https:\/\/spactualidadjuridica.es\/<\/a><br \/>\n<a href=\"http:\/\/derechosemipresencial.edu.umh.es\/wp-content\/uploads\/sites\/399\/2021\/02\/2021.-Primera-sesi\u00f3n-VI-SPAJ.jpg\"><img loading=\"lazy\" class=\"aligncenter wp-image-1472 size-large\" src=\"http:\/\/derechosemipresencial.edu.umh.es\/wp-content\/uploads\/sites\/399\/2021\/02\/2021.-Primera-sesi\u00f3n-VI-SPAJ-732x1024.jpg\" alt=\"2021. Primera sesi\u00f3n VI SPAJ\" width=\"732\" height=\"1024\" \/><\/a><\/p>\n","protected":false},"excerpt":{"rendered":"<p>El pr\u00f3ximo viernes, 26 de febrero de 2021 dar\u00e1 comienzo una nueva edici\u00f3n del Seminario Permanente de Actualidad Jur\u00eddica. El Departamento de Ciencia Jur\u00eddica y la Facultad de Ciencias Sociales y Jur\u00eddicas de Elche de la UMH desarrollan conjuntamente, desde el curso 2013-2014, un ciclo de conferencias en las que catedr\u00e1ticos y profesionales de reconocido [&hellip;]<\/p>\n","protected":false},"author":3004,"featured_media":0,"comment_status":"closed","ping_status":"closed","sticky":false,"template":"","format":"standard","meta":{"_et_pb_use_builder":"","_et_pb_old_content":"","_et_gb_content_width":"","ngg_post_thumbnail":0,"_links_to":"","_links_to_target":""},"categories":[228],"tags":[],"_links":{"self":[{"href":"https:\/\/derechosemipresencial.umh.es\/en\/wp-json\/wp\/v2\/posts\/1471"}],"collection":[{"href":"https:\/\/derechosemipresencial.umh.es\/en\/wp-json\/wp\/v2\/posts"}],"about":[{"href":"https:\/\/derechosemipresencial.umh.es\/en\/wp-json\/wp\/v2\/types\/post"}],"author":[{"embeddable":true,"href":"https:\/\/derechosemipresencial.umh.es\/en\/wp-json\/wp\/v2\/users\/3004"}],"replies":[{"embeddable":true,"href":"https:\/\/derechosemipresencial.umh.es\/en\/wp-json\/wp\/v2\/comments?post=1471"}],"version-history":[{"count":0,"href":"https:\/\/derechosemipresencial.umh.es\/en\/wp-json\/wp\/v2\/posts\/1471\/revisions"}],"wp:attachment":[{"href":"https:\/\/derechosemipresencial.umh.es\/en\/wp-json\/wp\/v2\/media?parent=1471"}],"wp:term":[{"taxonomy":"category","embeddable":true,"href":"https:\/\/derechosemipresencial.umh.es\/en\/wp-json\/wp\/v2\/categories?post=1471"},{"taxonomy":"post_tag","embeddable":true,"href":"https:\/\/derechosemipresencial.umh.es\/en\/wp-json\/wp\/v2\/tags?post=1471"}],"curies":[{"name":"wp","href":"https:\/\/api.w.org\/{rel}","templated":true}]}}