{"id":1456,"date":"2020-11-23T16:54:36","date_gmt":"2020-11-23T16:54:36","guid":{"rendered":"http:\/\/derechosemipresencial.edu.umh.es\/?p=1456"},"modified":"2020-11-23T16:54:36","modified_gmt":"2020-11-23T16:54:36","slug":"jornada-de-bienvenida-de-la-catedra-clinica-juridica-umh-curso-20202021","status":"publish","type":"post","link":"https:\/\/derechosemipresencial.umh.es\/en\/2020\/11\/23\/jornada-de-bienvenida-de-la-catedra-clinica-juridica-umh-curso-20202021\/","title":{"rendered":"Jornada de bienvenida de la C\u00e1tedra Cl\u00ednica Jur\u00eddica UMH. Curso 2020\/2021"},"content":{"rendered":"<div>La C\u00e1tedra Cl\u00ednica Jur\u00eddica ha organizado la Jornada de bienvenida de este curso 2020\/2021 e invita a los estudiantes a acudir a la misma.<\/div>\n<div class=\"gmail_default\">La presentaci\u00f3n ser\u00e1 online el pr\u00f3ximo viernes 27 de octubre.<\/div>\n<div class=\"gmail_default\">Los interesados pueden inscribirse en\u00a0<a href=\"https:\/\/docs.google.com\/forms\/d\/14fyXZ8WMI7qbB6Glq7MuFCavfDw3dByw6IcWF3zo2w4\/edit\" target=\"_blank\" rel=\"noopener noreferrer\" data-saferedirecturl=\"https:\/\/www.google.com\/url?q=https:\/\/docs.google.com\/forms\/d\/14fyXZ8WMI7qbB6Glq7MuFCavfDw3dByw6IcWF3zo2w4\/edit&amp;source=gmail&amp;ust=1606231911204000&amp;usg=AOvVaw1fsM9_qmo4XWMwmRe8mBl_\">https:\/\/docs.google.com\/forms\/d\/14fyXZ8WMI7qbB6Glq7MuFCavfDw3dByw6IcWF3zo2w4\/edit<\/a><\/div>\n<div class=\"gmail_default\">\u00a0Se adjunta el programa:<\/div>\n<div class=\"gmail_default\"><a href=\"http:\/\/derechosemipresencial.edu.umh.es\/wp-content\/uploads\/sites\/399\/2020\/11\/Programa-3-jornada-def._page-0001-768x1086.jpg\"><img loading=\"lazy\" class=\"alignnone size-medium wp-image-1457\" src=\"http:\/\/derechosemipresencial.edu.umh.es\/wp-content\/uploads\/sites\/399\/2020\/11\/Programa-3-jornada-def._page-0001-768x1086-212x300.jpg\" alt=\"Programa-3-jornada-def._page-0001-768x1086\" width=\"212\" height=\"300\" \/><\/a><\/div>\n","protected":false},"excerpt":{"rendered":"<p>La C\u00e1tedra Cl\u00ednica Jur\u00eddica ha organizado la Jornada de bienvenida de este curso 2020\/2021 e invita a los estudiantes a acudir a la misma. La presentaci\u00f3n ser\u00e1 online el pr\u00f3ximo viernes 27 de octubre. Los interesados pueden inscribirse en\u00a0https:\/\/docs.google.com\/forms\/d\/14fyXZ8WMI7qbB6Glq7MuFCavfDw3dByw6IcWF3zo2w4\/edit \u00a0Se adjunta el programa:<\/p>\n","protected":false},"author":3004,"featured_media":0,"comment_status":"closed","ping_status":"closed","sticky":false,"template":"","format":"standard","meta":{"_et_pb_use_builder":"","_et_pb_old_content":"","_et_gb_content_width":"","ngg_post_thumbnail":0,"_links_to":"","_links_to_target":""},"categories":[228],"tags":[],"_links":{"self":[{"href":"https:\/\/derechosemipresencial.umh.es\/en\/wp-json\/wp\/v2\/posts\/1456"}],"collection":[{"href":"https:\/\/derechosemipresencial.umh.es\/en\/wp-json\/wp\/v2\/posts"}],"about":[{"href":"https:\/\/derechosemipresencial.umh.es\/en\/wp-json\/wp\/v2\/types\/post"}],"author":[{"embeddable":true,"href":"https:\/\/derechosemipresencial.umh.es\/en\/wp-json\/wp\/v2\/users\/3004"}],"replies":[{"embeddable":true,"href":"https:\/\/derechosemipresencial.umh.es\/en\/wp-json\/wp\/v2\/comments?post=1456"}],"version-history":[{"count":0,"href":"https:\/\/derechosemipresencial.umh.es\/en\/wp-json\/wp\/v2\/posts\/1456\/revisions"}],"wp:attachment":[{"href":"https:\/\/derechosemipresencial.umh.es\/en\/wp-json\/wp\/v2\/media?parent=1456"}],"wp:term":[{"taxonomy":"category","embeddable":true,"href":"https:\/\/derechosemipresencial.umh.es\/en\/wp-json\/wp\/v2\/categories?post=1456"},{"taxonomy":"post_tag","embeddable":true,"href":"https:\/\/derechosemipresencial.umh.es\/en\/wp-json\/wp\/v2\/tags?post=1456"}],"curies":[{"name":"wp","href":"https:\/\/api.w.org\/{rel}","templated":true}]}}