{"id":1429,"date":"2020-10-06T15:53:09","date_gmt":"2020-10-06T15:53:09","guid":{"rendered":"http:\/\/derechosemipresencial.edu.umh.es\/?p=1429"},"modified":"2020-10-06T15:53:09","modified_gmt":"2020-10-06T15:53:09","slug":"sesion-biblioteca-y-centro-de-idiomas-umh","status":"publish","type":"post","link":"https:\/\/derechosemipresencial.umh.es\/en\/2020\/10\/06\/sesion-biblioteca-y-centro-de-idiomas-umh\/","title":{"rendered":"Sesi\u00f3n BIBLIOTECA Y CENTRO DE IDIOMAS UMH"},"content":{"rendered":"<p>El pr\u00f3ximo jueves,\u00a0<strong>8 de octubre de 2020, a las 12:00h<\/strong>\u00a0tendr\u00e1 lugar una sesi\u00f3n informativa de la\u00a0<strong>Biblioteca\u00a0<\/strong>en la que se expondr\u00e1n las claves de su funcionamiento (horario,\u00a0n\u00famero m\u00e1ximo de libros por persona en pr\u00e9stamo&#8230;) y se realizar\u00e1 un ejemplo de b\u00fasqueda en el cat\u00e1logo online.<br \/>\nPosteriormente, desde el\u00a0<strong>Centro de Idiomas UMH<\/strong>\u00a0se explicar\u00e1n los distintos programas formativos que se ofrecen al estudiantado de la Universidad Miguel Hern\u00e1ndez, como son IRIS o LLUMH.<br \/>\nAmbas sesiones se realizar\u00e1n en modalidad totalmente online. Pod\u00e9is acceder a las mismas, en la fecha y hora indicadas, a trav\u00e9s del siguiente enlace:<br \/>\n<a href=\"https:\/\/meet.google.com\/vut-ohmq-bcc\" target=\"_blank\" data-saferedirecturl=\"https:\/\/www.google.com\/url?q=https:\/\/meet.google.com\/vut-ohmq-bcc&amp;source=gmail&amp;ust=1602078786570000&amp;usg=AFQjCNFE50ZvG8avasfshYuVf96EMbJQeQ\" rel=\"noopener noreferrer\">https:\/\/meet.google.com\/vut-ohmq-bcc<\/a><br \/>\nOs animamos a asistir a estas reuniones, pues son de especial relevancia para vuestro futuro acad\u00e9mico y profesional.<br \/>\nUn cordial saludo.<\/p>\n","protected":false},"excerpt":{"rendered":"<p>El pr\u00f3ximo jueves,\u00a08 de octubre de 2020, a las 12:00h\u00a0tendr\u00e1 lugar una sesi\u00f3n informativa de la\u00a0Biblioteca\u00a0en la que se expondr\u00e1n las claves de su funcionamiento (horario,\u00a0n\u00famero m\u00e1ximo de libros por persona en pr\u00e9stamo&#8230;) y se realizar\u00e1 un ejemplo de b\u00fasqueda en el cat\u00e1logo online. Posteriormente, desde el\u00a0Centro de Idiomas UMH\u00a0se explicar\u00e1n los distintos programas formativos [&hellip;]<\/p>\n","protected":false},"author":724,"featured_media":0,"comment_status":"open","ping_status":"open","sticky":false,"template":"","format":"standard","meta":{"_et_pb_use_builder":"","_et_pb_old_content":"","_et_gb_content_width":"","ngg_post_thumbnail":0,"_links_to":"","_links_to_target":""},"categories":[228],"tags":[],"_links":{"self":[{"href":"https:\/\/derechosemipresencial.umh.es\/en\/wp-json\/wp\/v2\/posts\/1429"}],"collection":[{"href":"https:\/\/derechosemipresencial.umh.es\/en\/wp-json\/wp\/v2\/posts"}],"about":[{"href":"https:\/\/derechosemipresencial.umh.es\/en\/wp-json\/wp\/v2\/types\/post"}],"author":[{"embeddable":true,"href":"https:\/\/derechosemipresencial.umh.es\/en\/wp-json\/wp\/v2\/users\/724"}],"replies":[{"embeddable":true,"href":"https:\/\/derechosemipresencial.umh.es\/en\/wp-json\/wp\/v2\/comments?post=1429"}],"version-history":[{"count":0,"href":"https:\/\/derechosemipresencial.umh.es\/en\/wp-json\/wp\/v2\/posts\/1429\/revisions"}],"wp:attachment":[{"href":"https:\/\/derechosemipresencial.umh.es\/en\/wp-json\/wp\/v2\/media?parent=1429"}],"wp:term":[{"taxonomy":"category","embeddable":true,"href":"https:\/\/derechosemipresencial.umh.es\/en\/wp-json\/wp\/v2\/categories?post=1429"},{"taxonomy":"post_tag","embeddable":true,"href":"https:\/\/derechosemipresencial.umh.es\/en\/wp-json\/wp\/v2\/tags?post=1429"}],"curies":[{"name":"wp","href":"https:\/\/api.w.org\/{rel}","templated":true}]}}