{"id":1374,"date":"2020-05-14T19:51:00","date_gmt":"2020-05-14T19:51:00","guid":{"rendered":"http:\/\/derechosemipresencial.edu.umh.es\/?p=1374"},"modified":"2020-05-14T19:51:00","modified_gmt":"2020-05-14T19:51:00","slug":"impactos-de-la-pandemia-covid-19-sobre-la-vida-de-los-estudiantes-de-educacion-superior","status":"publish","type":"post","link":"https:\/\/derechosemipresencial.umh.es\/en\/2020\/05\/14\/impactos-de-la-pandemia-covid-19-sobre-la-vida-de-los-estudiantes-de-educacion-superior\/","title":{"rendered":"IMPACTOS DE LA PANDEMIA COVID-19 SOBRE LA VIDA DE LOS ESTUDIANTES DE EDUCACI\u00d3N SUPERIOR"},"content":{"rendered":"<p>Estimado estudiante,<br \/>\nLa Universidad de Liubliana de Eslovenia (con socios acad\u00e9micos internacionales) est\u00e1 llevando a cabo la encuesta global sobre los impactos de la pandemia COVID-19 en la vida de los estudiantes.\u00a0El cuestionario se basa en la encuesta de la Uni\u00f3n Europea de Estudiantes (2020) y se dirige a los estudiantes de educaci\u00f3n superior sobre c\u00f3mo se ve la vida estudiantil durante la pandemia COVID-19, incluyendo la ense\u00f1anza y el aprendizaje, los contactos sociales; as\u00ed como, c\u00f3mo los estudiantes est\u00e1n afrontando la situaci\u00f3n emocionalmente.<br \/>\nPor favor, rellene esta encuesta para ayudarnos a entender los aspectos anteriores de su vida. La participaci\u00f3n en el estudio es completamente voluntaria y tambi\u00e9n nos ayudar\u00e1 a crear recomendaciones para los responsables de la formulaci\u00f3n de pol\u00edticas y las instituciones de educaci\u00f3n superior sobre c\u00f3mo los estudiantes pueden recibir apoyo en tales situaciones de crisis en diferentes entornos, como econ\u00f3micos, sociales, culturales, pol\u00edticos e institucionales.<br \/>\nDebe tomar unos 15 minutos para completar el cuestionario dividido en 7 secciones. Las respuestas enviadas ser\u00e1n an\u00f3nimas. Los datos recogidos se utilizar\u00e1n s\u00f3lo para los fines de la encuesta.<br \/>\nSi tiene m\u00e1s preguntas, no dude en ponerse en contacto con el profesor Aleksander Aristovnik, PhD, de la Universidad de Liubliana:<a href=\"mailto:aleksander.aristovnik@fu.uni-lj.si\">aleksander.aristovnik@fu.uni-lj.si<\/a>.<br \/>\nRealice la encuesta sobre los impactos de la pandemia COVID-19 sobre la vida de los estudiantes de educaci\u00f3n superior haciendo clic en la p\u00e1gina siguiente:\u00a0<a href=\"https:\/\/www.1ka.si\/a\/281791\">https:\/\/www.1ka.si\/a\/281791<\/a><br \/>\nFecha l\u00edmite: 31 de mayo de 2020<br \/>\n\u00a1Gracias de antemano por participar en este estudio!<br \/>\n&nbsp;<\/p>\n","protected":false},"excerpt":{"rendered":"<p>Estimado estudiante, La Universidad de Liubliana de Eslovenia (con socios acad\u00e9micos internacionales) est\u00e1 llevando a cabo la encuesta global sobre los impactos de la pandemia COVID-19 en la vida de los estudiantes.\u00a0El cuestionario se basa en la encuesta de la Uni\u00f3n Europea de Estudiantes (2020) y se dirige a los estudiantes de educaci\u00f3n superior sobre [&hellip;]<\/p>\n","protected":false},"author":724,"featured_media":0,"comment_status":"open","ping_status":"open","sticky":false,"template":"","format":"standard","meta":{"_et_pb_use_builder":"","_et_pb_old_content":"","_et_gb_content_width":"","ngg_post_thumbnail":0,"_links_to":"","_links_to_target":""},"categories":[228],"tags":[],"_links":{"self":[{"href":"https:\/\/derechosemipresencial.umh.es\/en\/wp-json\/wp\/v2\/posts\/1374"}],"collection":[{"href":"https:\/\/derechosemipresencial.umh.es\/en\/wp-json\/wp\/v2\/posts"}],"about":[{"href":"https:\/\/derechosemipresencial.umh.es\/en\/wp-json\/wp\/v2\/types\/post"}],"author":[{"embeddable":true,"href":"https:\/\/derechosemipresencial.umh.es\/en\/wp-json\/wp\/v2\/users\/724"}],"replies":[{"embeddable":true,"href":"https:\/\/derechosemipresencial.umh.es\/en\/wp-json\/wp\/v2\/comments?post=1374"}],"version-history":[{"count":0,"href":"https:\/\/derechosemipresencial.umh.es\/en\/wp-json\/wp\/v2\/posts\/1374\/revisions"}],"wp:attachment":[{"href":"https:\/\/derechosemipresencial.umh.es\/en\/wp-json\/wp\/v2\/media?parent=1374"}],"wp:term":[{"taxonomy":"category","embeddable":true,"href":"https:\/\/derechosemipresencial.umh.es\/en\/wp-json\/wp\/v2\/categories?post=1374"},{"taxonomy":"post_tag","embeddable":true,"href":"https:\/\/derechosemipresencial.umh.es\/en\/wp-json\/wp\/v2\/tags?post=1374"}],"curies":[{"name":"wp","href":"https:\/\/api.w.org\/{rel}","templated":true}]}}