{"id":1276,"date":"2019-11-05T19:05:48","date_gmt":"2019-11-05T19:05:48","guid":{"rendered":"http:\/\/derechosemipresencial.edu.umh.es\/?p=1276"},"modified":"2019-11-05T19:05:48","modified_gmt":"2019-11-05T19:05:48","slug":"jornada-sobre-la-legitimidad-de-la-justicia-penal-y-el-acceso-a-la-justicia-de-los-grupos-vulnerables","status":"publish","type":"post","link":"https:\/\/derechosemipresencial.umh.es\/en\/2019\/11\/05\/jornada-sobre-la-legitimidad-de-la-justicia-penal-y-el-acceso-a-la-justicia-de-los-grupos-vulnerables\/","title":{"rendered":"Jornada sobre La legitimidad de la justicia penal y el acceso a la justicia de los grupos vulnerables"},"content":{"rendered":"<p style=\"margin: 0cm 0cm 7.5pt 0cm\"><span style=\"font-size: 10.5pt;font-family: 'Arial',sans-serif;color: #58666e\">El Centro CR\u00cdMINA de la UMH, en colaboraci\u00f3n con la Conselleria de Justicia, Administraci\u00f3n P\u00fablica, Reformas Democr\u00e1ticas y Libertades P\u00fablicas de la Generalitat Valenciana, ha organizado la Jornada\u00a0\u201cLa legitimidad de la justicia penal y el acceso a la justicia de los grupos vulnerables\u201d.<\/span><\/p>\n<p style=\"margin: 0cm 0cm 7.5pt 0cm\"><span style=\"font-size: 10.5pt;font-family: 'Arial',sans-serif;color: #58666e\">Bajo la direcci\u00f3n del profesor Fernando Mir\u00f3 Llinares, el evento tendr\u00e1 lugar el\u00a07 de noviembre, en la\u00a0sala Misteri del edificio Torreva\u00edllo, en el campus de Elche.\u00a0<strong><span style=\"font-family: 'Arial',sans-serif\">El acceso es libre previa inscripci\u00f3n, hasta completar aforo, a trav\u00e9s del siguiente link:\u00a0<\/span><\/strong><a href=\"https:\/\/forms.gle\/nLJpVZi2xfMQMCQD8\" target=\"_blank\" rel=\"noopener noreferrer\">https:\/\/forms.gle\/nLJpVZi2xfMQMCQD8<\/a><\/span><\/p>\n<p style=\"margin: 0cm 0cm 7.5pt 0cm\"><span style=\"font-size: 10.5pt;font-family: 'Arial',sans-serif;color: #58666e\">Distintos\u00a0expertos\u00a0participar\u00e1n en esta jornada, que comenzar\u00e1 a las 10 horas y que ser\u00e1 inaugurada por el Excmo. Sr. Mgfco. Juan Jos\u00e9 Ruiz Mart\u00ednez, rector de la UMH, por el Ilmo. Sr. Jos\u00e9 Garc\u00eda A\u00f1\u00f3n, director general de Reformas Democr\u00e1ticas y Acceso a la Justicia en la Generalitat Valenciana, adem\u00e1s de por Fernando Mir\u00f3, director del centro CR\u00cdMINA.<\/span><\/p>\n<p style=\"margin: 0cm 0cm 7.5pt 0cm\"><span style=\"font-size: 10.5pt;font-family: 'Arial',sans-serif;color: #58666e\">Durante la jornada se presentar\u00e1, entre otros interesantes contenidos, el\u00a0informe de resultados\u00a0de la primera anualidad del Proyecto sobre legitimidad de la Justicia penal e impacto del acceso a la Justicia penal en las v\u00edctimas y los grupos vulnerables en la Comunidad Valenciana, a cargo del profesor ayudante de Derecho Penal de la Universidad Miguel Hern\u00e1ndez e investigador del Centro CR\u00cdMINA Francisco Javier Castro Toledo.<\/span><\/p>\n<p style=\"margin: 0cm 0cm 7.5pt 0cm\"><span style=\"font-size: 10.5pt;font-family: 'Arial',sans-serif;color: #58666e\">Tras una pausa, se organizar\u00e1 una\u00a0primera mesa de trabajo\u00a0sobre \u201c representantes de\u00a0 grupos vulnerables\u201d. En la misma participar\u00e1 el Dr. Antonio Luis Mart\u00ednez Pujalte, profesor titular de Filosof\u00eda del Derecho de la Universidad Miguel Hern\u00e1ndez y director de la C\u00e1tedra de Discapacidad y Empleabilidad TEMPE-APSA; la Dra. Cristina L\u00f3pez S\u00e1nchez, profesora titular de Derecho Civil y directora de la Cl\u00ednica Jur\u00eddica\u00a0 UMH; y D. Zurab Oganesyan, abogado y responsable del \u00e1rea jur\u00eddica de Fundaci\u00f3n Elche Acoge.<\/span><\/p>\n<p style=\"margin: 0cm 0cm 7.5pt 0cm\"><span style=\"font-size: 10.5pt;font-family: 'Arial',sans-serif;color: #58666e\">Posteriormente, en una segunda mesa, que lleva por t\u00edtulo \u201c\u00a0Representantes de entidades relacionadas con la justicia\u201d, intervendr\u00e1n\u00a0 la Unidad de Protecci\u00f3n de Colectivos Vulnerables de la Polic\u00eda Local de Elche; Jorge Pay\u00e1 Sell\u00e9s, del Servicio de Violencia de G\u00e9nero y machista del Ayuntamiento de Petrer; y Jos\u00e9 Ram\u00f3n L\u00f3pez L\u00f3pez, coordinador de Programas en Instituciones Penitenciarias y Adicciones en Fundaci\u00f3n Diagrama.<\/span><\/p>\n<p><a href=\"http:\/\/derechosemipresencial.edu.umh.es\/wp-content\/uploads\/sites\/399\/2019\/11\/20191031182652291_PROGRAMA-Justicia-4-1_page-0001.jpg\"><img loading=\"lazy\" class=\"alignnone size-medium wp-image-1277\" src=\"http:\/\/derechosemipresencial.edu.umh.es\/wp-content\/uploads\/sites\/399\/2019\/11\/20191031182652291_PROGRAMA-Justicia-4-1_page-0001-212x300.jpg\" alt=\"20191031182652291_PROGRAMA+Justicia+4 (1)_page-0001\" width=\"212\" height=\"300\" \/><\/a> <a href=\"http:\/\/derechosemipresencial.edu.umh.es\/wp-content\/uploads\/sites\/399\/2019\/11\/20191031182652291_PROGRAMA-Justicia-4-1_page-0002.jpg\"><img loading=\"lazy\" class=\"alignnone size-medium wp-image-1278\" src=\"http:\/\/derechosemipresencial.edu.umh.es\/wp-content\/uploads\/sites\/399\/2019\/11\/20191031182652291_PROGRAMA-Justicia-4-1_page-0002-212x300.jpg\" alt=\"20191031182652291_PROGRAMA+Justicia+4 (1)_page-0002\" width=\"212\" height=\"300\" \/><\/a><\/p>\n","protected":false},"excerpt":{"rendered":"<p>El Centro CR\u00cdMINA de la UMH, en colaboraci\u00f3n con la Conselleria de Justicia, Administraci\u00f3n P\u00fablica, Reformas Democr\u00e1ticas y Libertades P\u00fablicas de la Generalitat Valenciana, ha organizado la Jornada\u00a0\u201cLa legitimidad de la justicia penal y el acceso a la justicia de los grupos vulnerables\u201d. Bajo la direcci\u00f3n del profesor Fernando Mir\u00f3 Llinares, el evento tendr\u00e1 lugar [&hellip;]<\/p>\n","protected":false},"author":724,"featured_media":0,"comment_status":"open","ping_status":"open","sticky":false,"template":"","format":"standard","meta":{"_et_pb_use_builder":"","_et_pb_old_content":"","_et_gb_content_width":"","ngg_post_thumbnail":0,"_links_to":"","_links_to_target":""},"categories":[228],"tags":[],"_links":{"self":[{"href":"https:\/\/derechosemipresencial.umh.es\/en\/wp-json\/wp\/v2\/posts\/1276"}],"collection":[{"href":"https:\/\/derechosemipresencial.umh.es\/en\/wp-json\/wp\/v2\/posts"}],"about":[{"href":"https:\/\/derechosemipresencial.umh.es\/en\/wp-json\/wp\/v2\/types\/post"}],"author":[{"embeddable":true,"href":"https:\/\/derechosemipresencial.umh.es\/en\/wp-json\/wp\/v2\/users\/724"}],"replies":[{"embeddable":true,"href":"https:\/\/derechosemipresencial.umh.es\/en\/wp-json\/wp\/v2\/comments?post=1276"}],"version-history":[{"count":0,"href":"https:\/\/derechosemipresencial.umh.es\/en\/wp-json\/wp\/v2\/posts\/1276\/revisions"}],"wp:attachment":[{"href":"https:\/\/derechosemipresencial.umh.es\/en\/wp-json\/wp\/v2\/media?parent=1276"}],"wp:term":[{"taxonomy":"category","embeddable":true,"href":"https:\/\/derechosemipresencial.umh.es\/en\/wp-json\/wp\/v2\/categories?post=1276"},{"taxonomy":"post_tag","embeddable":true,"href":"https:\/\/derechosemipresencial.umh.es\/en\/wp-json\/wp\/v2\/tags?post=1276"}],"curies":[{"name":"wp","href":"https:\/\/api.w.org\/{rel}","templated":true}]}}