{"id":947,"date":"2018-09-12T18:24:23","date_gmt":"2018-09-12T18:24:23","guid":{"rendered":"http:\/\/derechosemipresencial.edu.umh.es\/?p=947"},"modified":"2021-03-29T23:52:12","modified_gmt":"2021-03-29T21:52:12","slug":"convocatoria-tfg-septiembre-2018-grado-en-derecho-presencial-y-semipresencial","status":"publish","type":"post","link":"https:\/\/derechosemipresencial.umh.es\/ca\/2018\/09\/12\/convocatoria-tfg-septiembre-2018-grado-en-derecho-presencial-y-semipresencial\/","title":{"rendered":"Convocatoria TFG septiembre 2018. Grado en Derecho (presencial y semipresencial)"},"content":{"rendered":"<p>Pod\u00e9is consultar los tribunales, distribuci\u00f3n de d\u00edas, horarios y lugar de la defensa de los TFG presentados en la convocatoria de septiembre de 2018 en\u00a0 <a href=\"http:\/\/umh1458.edu.umh.es\/bitacora\/\">http:\/\/umh1458.edu.umh.es\/bitacora\/<\/a><\/p>\n<p>&nbsp;<\/p>\n","protected":false},"excerpt":{"rendered":"<p>Pod\u00e9is consultar los tribunales, distribuci\u00f3n de d\u00edas, horarios y lugar de la defensa de los TFG presentados en la convocatoria de septiembre de 2018 en\u00a0 http:\/\/umh1458.edu.umh.es\/bitacora\/ &nbsp;<\/p>\n","protected":false},"author":3004,"featured_media":0,"comment_status":"open","ping_status":"open","sticky":false,"template":"","format":"standard","meta":{"_et_pb_use_builder":"","_et_pb_old_content":"","_et_gb_content_width":"","ngg_post_thumbnail":0,"_links_to":"","_links_to_target":""},"categories":[228],"tags":[],"_links":{"self":[{"href":"https:\/\/derechosemipresencial.umh.es\/ca\/wp-json\/wp\/v2\/posts\/947"}],"collection":[{"href":"https:\/\/derechosemipresencial.umh.es\/ca\/wp-json\/wp\/v2\/posts"}],"about":[{"href":"https:\/\/derechosemipresencial.umh.es\/ca\/wp-json\/wp\/v2\/types\/post"}],"author":[{"embeddable":true,"href":"https:\/\/derechosemipresencial.umh.es\/ca\/wp-json\/wp\/v2\/users\/3004"}],"replies":[{"embeddable":true,"href":"https:\/\/derechosemipresencial.umh.es\/ca\/wp-json\/wp\/v2\/comments?post=947"}],"version-history":[{"count":0,"href":"https:\/\/derechosemipresencial.umh.es\/ca\/wp-json\/wp\/v2\/posts\/947\/revisions"}],"wp:attachment":[{"href":"https:\/\/derechosemipresencial.umh.es\/ca\/wp-json\/wp\/v2\/media?parent=947"}],"wp:term":[{"taxonomy":"category","embeddable":true,"href":"https:\/\/derechosemipresencial.umh.es\/ca\/wp-json\/wp\/v2\/categories?post=947"},{"taxonomy":"post_tag","embeddable":true,"href":"https:\/\/derechosemipresencial.umh.es\/ca\/wp-json\/wp\/v2\/tags?post=947"}],"curies":[{"name":"wp","href":"https:\/\/api.w.org\/{rel}","templated":true}]}}