{"id":909,"date":"2018-05-22T13:46:15","date_gmt":"2018-05-22T13:46:15","guid":{"rendered":"http:\/\/derechosemipresencial.edu.umh.es\/?p=909"},"modified":"2021-03-29T23:52:13","modified_gmt":"2021-03-29T21:52:13","slug":"un-alumno-de-primero-de-derecho-semipresencial-gana-su-primera-reclamacion-ante-un-banco","status":"publish","type":"post","link":"https:\/\/derechosemipresencial.umh.es\/ca\/2018\/05\/22\/un-alumno-de-primero-de-derecho-semipresencial-gana-su-primera-reclamacion-ante-un-banco\/","title":{"rendered":"Un alumno de primero de Derecho semipresencial gana su primera reclamaci\u00f3n ante un Banco"},"content":{"rendered":"<p>Felicitamos a\u00a0Isaac Garc\u00eda, estudiante de primer curso del Grado en Derecho modalidad semipresencial, por haber librado con \u00e9xito su primera batalla ante un Banco. El Banco Santander se ha allanado antes de ir a juicio\u00a0por un tema relacionado con el cobro de unas comisiones abusivas que le cobraron al padre de Isaac.<\/p>\n<p>Con el t\u00edtulo &#8220;Apagando fuegos&#8230; financieros&#8221; pod\u00e9is consultar la noticia en el Diario Informaci\u00f3n, con fecha de hoy, 22\/05\/2018.<\/p>\n<p><a href=\"https:\/\/derechosemipresencial.umh.es\/files\/2018\/05\/PRENSAALUSP.jpg\"><img loading=\"lazy\" class=\"alignnone size-medium wp-image-910\" src=\"https:\/\/derechosemipresencial.umh.es\/files\/2018\/05\/PRENSAALUSP-300x203.jpg\" alt=\"PRENSAALUSP\" width=\"300\" height=\"203\" srcset=\"https:\/\/derechosemipresencial.umh.es\/files\/2018\/05\/PRENSAALUSP-300x203.jpg 300w, https:\/\/derechosemipresencial.umh.es\/files\/2018\/05\/PRENSAALUSP-768x518.jpg 768w, https:\/\/derechosemipresencial.umh.es\/files\/2018\/05\/PRENSAALUSP-1024x691.jpg 1024w, https:\/\/derechosemipresencial.umh.es\/files\/2018\/05\/PRENSAALUSP.jpg 1600w\" sizes=\"(max-width: 300px) 100vw, 300px\" \/><\/a><\/p>\n<p>&nbsp;<\/p>\n<p>&nbsp;<\/p>\n","protected":false},"excerpt":{"rendered":"<p>Felicitamos a\u00a0Isaac Garc\u00eda, estudiante de primer curso del Grado en Derecho modalidad semipresencial, por haber librado con \u00e9xito su primera batalla ante un Banco. El Banco Santander se ha allanado antes de ir a juicio\u00a0por un tema relacionado con el cobro de unas comisiones abusivas que le cobraron al padre de Isaac. Con el t\u00edtulo [&hellip;]<\/p>\n","protected":false},"author":3004,"featured_media":0,"comment_status":"open","ping_status":"open","sticky":false,"template":"","format":"standard","meta":{"_et_pb_use_builder":"","_et_pb_old_content":"","_et_gb_content_width":"","ngg_post_thumbnail":0,"_links_to":"","_links_to_target":""},"categories":[228],"tags":[],"_links":{"self":[{"href":"https:\/\/derechosemipresencial.umh.es\/ca\/wp-json\/wp\/v2\/posts\/909"}],"collection":[{"href":"https:\/\/derechosemipresencial.umh.es\/ca\/wp-json\/wp\/v2\/posts"}],"about":[{"href":"https:\/\/derechosemipresencial.umh.es\/ca\/wp-json\/wp\/v2\/types\/post"}],"author":[{"embeddable":true,"href":"https:\/\/derechosemipresencial.umh.es\/ca\/wp-json\/wp\/v2\/users\/3004"}],"replies":[{"embeddable":true,"href":"https:\/\/derechosemipresencial.umh.es\/ca\/wp-json\/wp\/v2\/comments?post=909"}],"version-history":[{"count":0,"href":"https:\/\/derechosemipresencial.umh.es\/ca\/wp-json\/wp\/v2\/posts\/909\/revisions"}],"wp:attachment":[{"href":"https:\/\/derechosemipresencial.umh.es\/ca\/wp-json\/wp\/v2\/media?parent=909"}],"wp:term":[{"taxonomy":"category","embeddable":true,"href":"https:\/\/derechosemipresencial.umh.es\/ca\/wp-json\/wp\/v2\/categories?post=909"},{"taxonomy":"post_tag","embeddable":true,"href":"https:\/\/derechosemipresencial.umh.es\/ca\/wp-json\/wp\/v2\/tags?post=909"}],"curies":[{"name":"wp","href":"https:\/\/api.w.org\/{rel}","templated":true}]}}