{"id":2266,"date":"2021-12-10T13:57:13","date_gmt":"2021-12-10T12:57:13","guid":{"rendered":"https:\/\/derechosemipresencial.umh.es\/?p=2266"},"modified":"2021-12-16T14:00:23","modified_gmt":"2021-12-16T13:00:23","slug":"congreso-internacional-la-teoria-constitucional-frente-a-la-transformacion-digital-y-las-nuevas-tecnologias","status":"publish","type":"post","link":"https:\/\/derechosemipresencial.umh.es\/ca\/2021\/12\/10\/congreso-internacional-la-teoria-constitucional-frente-a-la-transformacion-digital-y-las-nuevas-tecnologias\/","title":{"rendered":"<span lang=\"es\">(Espa\u00f1ol) Congreso Internacional \u201cLa teor\u00eda constitucional frente a la transformaci\u00f3n digital y las nuevas tecnolog\u00edas\u201d<\/span>"},"content":{"rendered":"<p>[et_pb_section fb_built=&#8221;1&#8243; _builder_version=&#8221;4.2.2&#8243;][et_pb_row _builder_version=&#8221;4.2.2&#8243; column_structure=&#8221;3_5,2_5&#8243;][et_pb_column _builder_version=&#8221;4.2.2&#8243; type=&#8221;3_5&#8243;][et_pb_text _builder_version=&#8221;4.2.2&#8243; hover_enabled=&#8221;0&#8243;]<\/p>\n<p>El \u00c1rea de Derecho Constitucional de la Universidad Miguel Hern\u00e1ndez de Elche, en colaboraci\u00f3n con la Generalitat Valenciana, ha organizado para los pr\u00f3ximos&nbsp;<strong>20 y 21 de diciembre<\/strong>&nbsp;el Congreso Internacional \u00abLa teor\u00eda constitucional frente a la transformaci\u00f3n digital y las nuevas tecnolog\u00edas\u00bb.<\/p>\n<p>El objetivo de estas jornadas, que se celebrar\u00e1n en formato&nbsp;<em>online<\/em>, es reflexionar sobre el papel del Derecho Constitucional ante los retos que proponen el desarrollo de las nuevas tecnolog\u00edas y la transformaci\u00f3n digital que est\u00e1 experimentando la sociedad.<\/p>\n<p>Toda la informaci\u00f3n e inscripciones en: https:\/\/derechoconstitucional.umh.es\/2021\/11\/13\/congreso-internacional-la-teoria-constitucional-frente-a-la-transformacion-digital-y-las-nuevas-tecnologias\/<\/p>\n<p>[\/et_pb_text][\/et_pb_column][et_pb_column _builder_version=&#8221;4.2.2&#8243; type=&#8221;2_5&#8243;][et_pb_gallery _builder_version=&#8221;4.2.2&#8243; gallery_ids=&#8221;2272&#8243; hover_enabled=&#8221;0&#8243;][\/et_pb_gallery][\/et_pb_column][\/et_pb_row][\/et_pb_section]<\/p>\n","protected":false},"excerpt":{"rendered":"<p>El \u00c1rea de Derecho Constitucional de la Universidad Miguel Hern\u00e1ndez de Elche, en colaboraci\u00f3n con la Generalitat Valenciana, ha organizado para los pr\u00f3ximos&nbsp;20 y 21 de diciembre&nbsp;el Congreso Internacional \u00abLa teor\u00eda constitucional frente a la transformaci\u00f3n digital y las nuevas tecnolog\u00edas\u00bb. El objetivo de estas jornadas, que se celebrar\u00e1n en formato&nbsp;online, es reflexionar sobre el [&hellip;]<\/p>\n","protected":false},"author":3004,"featured_media":0,"comment_status":"closed","ping_status":"closed","sticky":false,"template":"","format":"standard","meta":{"_et_pb_use_builder":"on","_et_pb_old_content":"","_et_gb_content_width":"","ngg_post_thumbnail":0,"_links_to":"","_links_to_target":""},"categories":[228],"tags":[],"_links":{"self":[{"href":"https:\/\/derechosemipresencial.umh.es\/ca\/wp-json\/wp\/v2\/posts\/2266"}],"collection":[{"href":"https:\/\/derechosemipresencial.umh.es\/ca\/wp-json\/wp\/v2\/posts"}],"about":[{"href":"https:\/\/derechosemipresencial.umh.es\/ca\/wp-json\/wp\/v2\/types\/post"}],"author":[{"embeddable":true,"href":"https:\/\/derechosemipresencial.umh.es\/ca\/wp-json\/wp\/v2\/users\/3004"}],"replies":[{"embeddable":true,"href":"https:\/\/derechosemipresencial.umh.es\/ca\/wp-json\/wp\/v2\/comments?post=2266"}],"version-history":[{"count":0,"href":"https:\/\/derechosemipresencial.umh.es\/ca\/wp-json\/wp\/v2\/posts\/2266\/revisions"}],"wp:attachment":[{"href":"https:\/\/derechosemipresencial.umh.es\/ca\/wp-json\/wp\/v2\/media?parent=2266"}],"wp:term":[{"taxonomy":"category","embeddable":true,"href":"https:\/\/derechosemipresencial.umh.es\/ca\/wp-json\/wp\/v2\/categories?post=2266"},{"taxonomy":"post_tag","embeddable":true,"href":"https:\/\/derechosemipresencial.umh.es\/ca\/wp-json\/wp\/v2\/tags?post=2266"}],"curies":[{"name":"wp","href":"https:\/\/api.w.org\/{rel}","templated":true}]}}