{"id":2233,"date":"2021-11-23T22:49:03","date_gmt":"2021-11-23T21:49:03","guid":{"rendered":"https:\/\/derechosemipresencial.umh.es\/?p=2233"},"modified":"2021-11-25T22:51:47","modified_gmt":"2021-11-25T21:51:47","slug":"jornadas-internacionales-la-conferencia-sobre-el-futuro-de-europa","status":"publish","type":"post","link":"https:\/\/derechosemipresencial.umh.es\/ca\/2021\/11\/23\/jornadas-internacionales-la-conferencia-sobre-el-futuro-de-europa\/","title":{"rendered":"Borrador autom\u00e1tico"},"content":{"rendered":"<p>[et_pb_section fb_built=&#8221;1&#8243; _builder_version=&#8221;4.2.2&#8243;][et_pb_row _builder_version=&#8221;4.2.2&#8243;][et_pb_column type=&#8221;4_4&#8243; _builder_version=&#8221;4.2.2&#8243;][et_pb_text _builder_version=&#8221;4.2.2&#8243; hover_enabled=&#8221;0&#8243;]<\/p>\n<p>Las &#8220;Jornadas internacionales La Conferencia sobre el futuro de Europa&#8221;, organizadas desde la C\u00e1tedra Jean Monnet, se celebrar\u00e1n los d\u00edas 24 de noviembre y 1 de diciembre (ma\u00f1ana y tarde).&nbsp;<br \/>Ser\u00e1n presenciales. Tendr\u00e1n lugar en las aulas 0.1 y 0.2 del Edificio Arenals y est\u00e1n abiertas a toda la ciudadan\u00eda. Son gratuitas pero hay plazas limitadas por lo que se requiere inscripci\u00f3n a trav\u00e9s de un formulario (el enlace est\u00e1 en d\u00edptico y cartel y en la web).<br \/>Toda la informaci\u00f3n est\u00e1 en en la Web: <a href=\"https:\/\/catedrajeanmonnet.umh.es\/\" target=\"_blank\" rel=\"noopener\" data-saferedirecturl=\"https:\/\/www.google.com\/url?q=https:\/\/catedrajeanmonnet.umh.es\/&amp;source=gmail&amp;ust=1637962822604000&amp;usg=AOvVaw1x58o5JLiRk6e_dR3G7Vu0\">https:\/\/catedrajeanmonnet.umh.es\/<\/a> y en su cuenta de Twitter:&nbsp;<a href=\"https:\/\/twitter.com\/JeanMonnetUmh\" target=\"_blank\" rel=\"noopener\" data-saferedirecturl=\"https:\/\/www.google.com\/url?q=https:\/\/twitter.com\/JeanMonnetUmh&amp;source=gmail&amp;ust=1637962822604000&amp;usg=AOvVaw0HZ5iD_VFHukNsfqPXoumK\">https:\/\/twitter.com\/JeanMonnetUmh<\/a><\/p>\n<p>[\/et_pb_text][et_pb_gallery gallery_ids=&#8221;2239,2242,2245&#8243; _builder_version=&#8221;4.2.2&#8243;][\/et_pb_gallery][\/et_pb_column][\/et_pb_row][\/et_pb_section]<\/p>\n","protected":false},"excerpt":{"rendered":"<p>Las &#8220;Jornadas internacionales La Conferencia sobre el futuro de Europa&#8221;, organizadas desde la C\u00e1tedra Jean Monnet, se celebrar\u00e1n los d\u00edas 24 de noviembre y 1 de diciembre (ma\u00f1ana y tarde).&nbsp;Ser\u00e1n presenciales. Tendr\u00e1n lugar en las aulas 0.1 y 0.2 del Edificio Arenals y est\u00e1n abiertas a toda la ciudadan\u00eda. Son gratuitas pero hay plazas limitadas [&hellip;]<\/p>\n","protected":false},"author":3004,"featured_media":0,"comment_status":"closed","ping_status":"closed","sticky":false,"template":"","format":"standard","meta":{"_et_pb_use_builder":"on","_et_pb_old_content":"","_et_gb_content_width":"","ngg_post_thumbnail":0,"_links_to":"","_links_to_target":""},"categories":[228],"tags":[],"_links":{"self":[{"href":"https:\/\/derechosemipresencial.umh.es\/ca\/wp-json\/wp\/v2\/posts\/2233"}],"collection":[{"href":"https:\/\/derechosemipresencial.umh.es\/ca\/wp-json\/wp\/v2\/posts"}],"about":[{"href":"https:\/\/derechosemipresencial.umh.es\/ca\/wp-json\/wp\/v2\/types\/post"}],"author":[{"embeddable":true,"href":"https:\/\/derechosemipresencial.umh.es\/ca\/wp-json\/wp\/v2\/users\/3004"}],"replies":[{"embeddable":true,"href":"https:\/\/derechosemipresencial.umh.es\/ca\/wp-json\/wp\/v2\/comments?post=2233"}],"version-history":[{"count":0,"href":"https:\/\/derechosemipresencial.umh.es\/ca\/wp-json\/wp\/v2\/posts\/2233\/revisions"}],"wp:attachment":[{"href":"https:\/\/derechosemipresencial.umh.es\/ca\/wp-json\/wp\/v2\/media?parent=2233"}],"wp:term":[{"taxonomy":"category","embeddable":true,"href":"https:\/\/derechosemipresencial.umh.es\/ca\/wp-json\/wp\/v2\/categories?post=2233"},{"taxonomy":"post_tag","embeddable":true,"href":"https:\/\/derechosemipresencial.umh.es\/ca\/wp-json\/wp\/v2\/tags?post=2233"}],"curies":[{"name":"wp","href":"https:\/\/api.w.org\/{rel}","templated":true}]}}