{"id":1676,"date":"2021-05-06T15:09:35","date_gmt":"2021-05-06T15:09:35","guid":{"rendered":"https:\/\/derechosemipresencial.umh.es\/?p=1550"},"modified":"2021-05-06T15:09:35","modified_gmt":"2021-05-06T15:09:35","slug":"el-erte-en-epoca-de-covid-como-formalizarlos-y-gestionarlos-y-no-morir-en-el-intento","status":"publish","type":"post","link":"https:\/\/derechosemipresencial.umh.es\/ca\/2021\/05\/06\/el-erte-en-epoca-de-covid-como-formalizarlos-y-gestionarlos-y-no-morir-en-el-intento\/","title":{"rendered":"El ERTE en \u00e9poca de COVID, \u00bfC\u00f3mo formalizarlos y gestionarlos? y no morir en el intento,"},"content":{"rendered":"<p>Desde el \u00c1rea de Derecho del Trabajo se ha organizado el seminario &#8220;<strong>El ERTE en \u00e9poca de COVID, \u00bfC\u00f3mo formalizarlos y gestionarlos? y no morir en el intento&#8221;<\/strong>, impartido por Miguel \u00c1ngel Mira Pascual, Graduado Social y t\u00e9cnico de PRL.<br \/>\nLa actividad ser\u00e1 el 14 de mayo, de 9.00 a 10.30 horas, en formato dual: online (accede a la sesi\u00f3n a trav\u00e9s del QR que figura en el cartel); y presencial (limitada al aforo del aula, previa solicitud a la profesora Carmona Paredes en el correo\u00a0<a href=\"mailto:rcarmona@umh.es\">rcarmona@umh.es<\/a>)<br \/>\n&nbsp;<br \/>\n<a href=\"http:\/\/derechosemipresencial.edu.umh.es\/wp-content\/uploads\/sites\/399\/2021\/05\/ERTE-1024x577.png\"><img loading=\"lazy\" class=\"alignnone wp-image-1551 size-large\" src=\"http:\/\/derechosemipresencial.edu.umh.es\/wp-content\/uploads\/sites\/399\/2021\/05\/ERTE-1024x577-1024x577.png\" alt=\"ERTE-1024x577\" width=\"1024\" height=\"577\" \/><\/a><br \/>\n&nbsp;<br \/>\n&nbsp;<\/p>\n","protected":false},"excerpt":{"rendered":"<p>Desde el \u00c1rea de Derecho del Trabajo se ha organizado el seminario &#8220;El ERTE en \u00e9poca de COVID, \u00bfC\u00f3mo formalizarlos y gestionarlos? y no morir en el intento&#8221;, impartido por Miguel \u00c1ngel Mira Pascual, Graduado Social y t\u00e9cnico de PRL. La actividad ser\u00e1 el 14 de mayo, de 9.00 a 10.30 horas, en formato dual: [&hellip;]<\/p>\n","protected":false},"author":3004,"featured_media":0,"comment_status":"closed","ping_status":"closed","sticky":false,"template":"","format":"standard","meta":{"_et_pb_use_builder":"","_et_pb_old_content":"","_et_gb_content_width":"","ngg_post_thumbnail":0,"_links_to":"","_links_to_target":""},"categories":[228],"tags":[],"_links":{"self":[{"href":"https:\/\/derechosemipresencial.umh.es\/ca\/wp-json\/wp\/v2\/posts\/1676"}],"collection":[{"href":"https:\/\/derechosemipresencial.umh.es\/ca\/wp-json\/wp\/v2\/posts"}],"about":[{"href":"https:\/\/derechosemipresencial.umh.es\/ca\/wp-json\/wp\/v2\/types\/post"}],"author":[{"embeddable":true,"href":"https:\/\/derechosemipresencial.umh.es\/ca\/wp-json\/wp\/v2\/users\/3004"}],"replies":[{"embeddable":true,"href":"https:\/\/derechosemipresencial.umh.es\/ca\/wp-json\/wp\/v2\/comments?post=1676"}],"version-history":[{"count":0,"href":"https:\/\/derechosemipresencial.umh.es\/ca\/wp-json\/wp\/v2\/posts\/1676\/revisions"}],"wp:attachment":[{"href":"https:\/\/derechosemipresencial.umh.es\/ca\/wp-json\/wp\/v2\/media?parent=1676"}],"wp:term":[{"taxonomy":"category","embeddable":true,"href":"https:\/\/derechosemipresencial.umh.es\/ca\/wp-json\/wp\/v2\/categories?post=1676"},{"taxonomy":"post_tag","embeddable":true,"href":"https:\/\/derechosemipresencial.umh.es\/ca\/wp-json\/wp\/v2\/tags?post=1676"}],"curies":[{"name":"wp","href":"https:\/\/api.w.org\/{rel}","templated":true}]}}