{"id":1670,"date":"2021-02-15T19:30:35","date_gmt":"2021-02-15T19:30:35","guid":{"rendered":"http:\/\/derechosemipresencial.edu.umh.es\/?p=1466"},"modified":"2021-02-15T19:30:35","modified_gmt":"2021-02-15T19:30:35","slug":"jornadas-de-empleo-de-derecho-y-dade","status":"publish","type":"post","link":"https:\/\/derechosemipresencial.umh.es\/ca\/2021\/02\/15\/jornadas-de-empleo-de-derecho-y-dade\/","title":{"rendered":"JORNADAS DE EMPLEO DE DERECHO Y DADE"},"content":{"rendered":"<p>&nbsp;<br \/>\n&nbsp;<\/p>\n<p style=\"text-align: center\"><strong>JORNADAS DE EMPLEO DE DERECHO Y DADE.\u00a0<\/strong><\/p>\n<p style=\"text-align: center\"><strong>VIERNES, 19 DE FEBRERO DE 2021.\u00a0<\/strong><\/p>\n<p style=\"text-align: center\">\n<p>El pr\u00f3ximo viernes 19 de febrero celebramos las XXIV Jornadas de Empleo de Derecho, conjuntamente con el Grado en DADE.<br \/>\nDadas las circunstancias sanitarias, el evento ser\u00e1 online, en horario\u00a0<strong>de 10:00 a 12:30 horas.<\/strong><br \/>\nEstas jornadas tienen el objetivo de facilitar el contacto entre empresas y estudiantes, favorecer el paso del mundo acad\u00e9mico al profesional y conocer los per\ufb01les m\u00e1s demandados por las empresas.<br \/>\nA estos efectos, se han organizado tres mesas tem\u00e1ticas: una primera de salidas profesionales (con la intervenci\u00f3n de una egresada que ha aprobado la oposici\u00f3n a judicatura, uel Ilustre Colegio de Abogac\u00eda de Elche y el Ilustre Colegio de Procuradores de Elche); una segunda sobre formaci\u00f3n de posgrado(con tres\u00a0<em>Alumni<\/em>\u00a0UMH de distintos M\u00e1steres que ofrecer\u00e1n su experiencia universitaria y la profesional actual) y una tercera, de presentaci\u00f3n del Programa de Doctorado de Ciencias Sociales y Jur\u00eddicas de la UMH. Clausurar\u00e1 la jornada Carmen Victoria Escolano Asensi, Decana de la Facultad de Ciencias Sociales y Jur\u00eddicas de Elche.<br \/>\nPueden inscribirse en: observatorio.umh.es &gt;&gt;\u201cCursos y Jornadas\u201d para conseguir cr\u00e9ditos optativos.\u00a0Y la conexi\u00f3n ser\u00e1 a trav\u00e9s del link:\u00a0<a href=\"http:\/\/bit.ly\/MeetJEDerecho\" target=\"_blank\" rel=\"noopener noreferrer\">http:\/\/bit.ly\/MeetJEDerecho<\/a><br \/>\n<a href=\"http:\/\/derechosemipresencial.edu.umh.es\/wp-content\/uploads\/sites\/399\/2021\/02\/2021.-D\u00edptico-Jornadas-de-Empleo-Derecho-y-DADE_P\u00e1gina_2.jpg\"><img loading=\"lazy\" class=\"alignnone size-medium wp-image-1467\" src=\"http:\/\/derechosemipresencial.edu.umh.es\/wp-content\/uploads\/sites\/399\/2021\/02\/2021.-D\u00edptico-Jornadas-de-Empleo-Derecho-y-DADE_P\u00e1gina_2-300x212.jpg\" alt=\"2021. D\u00edptico Jornadas de Empleo Derecho y DADE_P\u00e1gina_2\" width=\"300\" height=\"212\" \/><\/a> <a href=\"http:\/\/derechosemipresencial.edu.umh.es\/wp-content\/uploads\/sites\/399\/2021\/02\/2021.-D\u00edptico-Jornadas-de-Empleo-Derecho-y-DADE_P\u00e1gina_1.jpg\"><img loading=\"lazy\" class=\"alignnone size-medium wp-image-1468\" src=\"http:\/\/derechosemipresencial.edu.umh.es\/wp-content\/uploads\/sites\/399\/2021\/02\/2021.-D\u00edptico-Jornadas-de-Empleo-Derecho-y-DADE_P\u00e1gina_1-300x226.jpg\" alt=\"2021. D\u00edptico Jornadas de Empleo Derecho y DADE_P\u00e1gina_1\" width=\"300\" height=\"226\" \/><\/a><\/p>\n","protected":false},"excerpt":{"rendered":"<p>&nbsp; &nbsp; JORNADAS DE EMPLEO DE DERECHO Y DADE.\u00a0 VIERNES, 19 DE FEBRERO DE 2021.\u00a0 El pr\u00f3ximo viernes 19 de febrero celebramos las XXIV Jornadas de Empleo de Derecho, conjuntamente con el Grado en DADE. Dadas las circunstancias sanitarias, el evento ser\u00e1 online, en horario\u00a0de 10:00 a 12:30 horas. Estas jornadas tienen el objetivo de [&hellip;]<\/p>\n","protected":false},"author":3004,"featured_media":0,"comment_status":"closed","ping_status":"closed","sticky":false,"template":"","format":"standard","meta":{"_et_pb_use_builder":"","_et_pb_old_content":"","_et_gb_content_width":"","ngg_post_thumbnail":0,"_links_to":"","_links_to_target":""},"categories":[228],"tags":[],"_links":{"self":[{"href":"https:\/\/derechosemipresencial.umh.es\/ca\/wp-json\/wp\/v2\/posts\/1670"}],"collection":[{"href":"https:\/\/derechosemipresencial.umh.es\/ca\/wp-json\/wp\/v2\/posts"}],"about":[{"href":"https:\/\/derechosemipresencial.umh.es\/ca\/wp-json\/wp\/v2\/types\/post"}],"author":[{"embeddable":true,"href":"https:\/\/derechosemipresencial.umh.es\/ca\/wp-json\/wp\/v2\/users\/3004"}],"replies":[{"embeddable":true,"href":"https:\/\/derechosemipresencial.umh.es\/ca\/wp-json\/wp\/v2\/comments?post=1670"}],"version-history":[{"count":0,"href":"https:\/\/derechosemipresencial.umh.es\/ca\/wp-json\/wp\/v2\/posts\/1670\/revisions"}],"wp:attachment":[{"href":"https:\/\/derechosemipresencial.umh.es\/ca\/wp-json\/wp\/v2\/media?parent=1670"}],"wp:term":[{"taxonomy":"category","embeddable":true,"href":"https:\/\/derechosemipresencial.umh.es\/ca\/wp-json\/wp\/v2\/categories?post=1670"},{"taxonomy":"post_tag","embeddable":true,"href":"https:\/\/derechosemipresencial.umh.es\/ca\/wp-json\/wp\/v2\/tags?post=1670"}],"curies":[{"name":"wp","href":"https:\/\/api.w.org\/{rel}","templated":true}]}}