{"id":1625,"date":"2018-05-11T22:30:10","date_gmt":"2018-05-11T22:30:10","guid":{"rendered":"http:\/\/derechosemipresencial.edu.umh.es\/?p=898"},"modified":"2018-05-11T22:30:10","modified_gmt":"2018-05-11T22:30:10","slug":"seminario-extraordinario-de-teoria-juridica-del-delito-sentencia-la-manada-2","status":"publish","type":"post","link":"https:\/\/derechosemipresencial.umh.es\/ca\/2018\/05\/11\/seminario-extraordinario-de-teoria-juridica-del-delito-sentencia-la-manada-2\/","title":{"rendered":"Seminario Extraordinario de Teor\u00eda Jur\u00eddica del Delito: sentencia &quot;la Manada&quot;"},"content":{"rendered":"<p>Ya est\u00e1 disponible el v\u00eddeo del Seminario Extraordinario de Teor\u00eda Jur\u00eddica del Delito sobre la sentencia de &#8220;La Manada&#8221; y la (eterna) crisis del Derecho penal, que tuvo lugar el jueves 10 de mayo, a cargo de los profesores del\u00a0\u00c1rea de\u00a0Derecho Penal de la UMH.<br \/>\nPod\u00e9is consultarlo en <a href=\"https:\/\/m.youtube.com\/watch?v=VETKwelzv0Y\"><span style=\"color: #0563c1;font-family: Calibri\">https:\/\/m.youtube.com\/watch?v=VETKwelzv0Y<\/span><\/a><br \/>\n<a href=\"http:\/\/derechosemipresencial.edu.umh.es\/wp-content\/uploads\/sites\/399\/2018\/05\/crimina.jpg\"><img loading=\"lazy\" class=\"alignnone size-medium wp-image-901\" src=\"http:\/\/derechosemipresencial.edu.umh.es\/wp-content\/uploads\/sites\/399\/2018\/05\/crimina-300x225.jpg\" alt=\"crimina\" width=\"300\" height=\"225\" srcset=\"https:\/\/derechosemipresencial.umh.es\/files\/2018\/05\/crimina-300x225.jpg 300w, https:\/\/derechosemipresencial.umh.es\/files\/2018\/05\/crimina-768x576.jpg 768w, https:\/\/derechosemipresencial.umh.es\/files\/2018\/05\/crimina-1024x768.jpg 1024w\" sizes=\"(max-width: 300px) 100vw, 300px\" \/><\/a><br \/>\n&nbsp;<br \/>\n&nbsp;<\/p>\n","protected":false},"excerpt":{"rendered":"<p>Ya est\u00e1 disponible el v\u00eddeo del Seminario Extraordinario de Teor\u00eda Jur\u00eddica del Delito sobre la sentencia de &#8220;La Manada&#8221; y la (eterna) crisis del Derecho penal, que tuvo lugar el jueves 10 de mayo, a cargo de los profesores del\u00a0\u00c1rea de\u00a0Derecho Penal de la UMH. Pod\u00e9is consultarlo en https:\/\/m.youtube.com\/watch?v=VETKwelzv0Y &nbsp; &nbsp;<\/p>\n","protected":false},"author":724,"featured_media":0,"comment_status":"open","ping_status":"open","sticky":false,"template":"","format":"standard","meta":{"_et_pb_use_builder":"","_et_pb_old_content":"","_et_gb_content_width":"","ngg_post_thumbnail":0,"_links_to":"","_links_to_target":""},"categories":[228],"tags":[],"_links":{"self":[{"href":"https:\/\/derechosemipresencial.umh.es\/ca\/wp-json\/wp\/v2\/posts\/1625"}],"collection":[{"href":"https:\/\/derechosemipresencial.umh.es\/ca\/wp-json\/wp\/v2\/posts"}],"about":[{"href":"https:\/\/derechosemipresencial.umh.es\/ca\/wp-json\/wp\/v2\/types\/post"}],"author":[{"embeddable":true,"href":"https:\/\/derechosemipresencial.umh.es\/ca\/wp-json\/wp\/v2\/users\/724"}],"replies":[{"embeddable":true,"href":"https:\/\/derechosemipresencial.umh.es\/ca\/wp-json\/wp\/v2\/comments?post=1625"}],"version-history":[{"count":0,"href":"https:\/\/derechosemipresencial.umh.es\/ca\/wp-json\/wp\/v2\/posts\/1625\/revisions"}],"wp:attachment":[{"href":"https:\/\/derechosemipresencial.umh.es\/ca\/wp-json\/wp\/v2\/media?parent=1625"}],"wp:term":[{"taxonomy":"category","embeddable":true,"href":"https:\/\/derechosemipresencial.umh.es\/ca\/wp-json\/wp\/v2\/categories?post=1625"},{"taxonomy":"post_tag","embeddable":true,"href":"https:\/\/derechosemipresencial.umh.es\/ca\/wp-json\/wp\/v2\/tags?post=1625"}],"curies":[{"name":"wp","href":"https:\/\/api.w.org\/{rel}","templated":true}]}}