{"id":1554,"date":"2021-05-10T15:59:11","date_gmt":"2021-05-10T15:59:11","guid":{"rendered":"https:\/\/derechosemipresencial.umh.es\/?p=1554"},"modified":"2021-05-10T15:59:11","modified_gmt":"2021-05-10T15:59:11","slug":"quinta-y-ultima-sesion-vi-seminario-permanente-de-actualidad-juridica","status":"publish","type":"post","link":"https:\/\/derechosemipresencial.umh.es\/ca\/2021\/05\/10\/quinta-y-ultima-sesion-vi-seminario-permanente-de-actualidad-juridica\/","title":{"rendered":"Quinta y \u00faltima sesi\u00f3n VI Seminario Permanente de Actualidad Jur\u00eddica"},"content":{"rendered":"<p>El viernes 14 de mayo tendr\u00e1 lugar la quinta y \u00faltima sesi\u00f3n de la VI\u00a0edici\u00f3n del Seminario Permanente de Actualidad Jur\u00eddica que organizan conjuntamente el Departamento de Ciencia Jur\u00eddica y la Facultad de Ciencias Sociales y Jur\u00eddicas de Elche de la UMH.<br \/>\nEn esta ocasi\u00f3n contaremos con la ponencia\u00a0\u00abLa transformaci\u00f3n del Derecho del Trabajo en tiempos de Covid\u00bb, a cargo del Sr. Ricardo Gabald\u00f3n, Presidente del Consejo General de Colegios Oficiales de Graduados Sociales de Espa\u00f1a.<br \/>\nLa ponencia ser\u00e1 moderada por la profesora Purificaci\u00f3n Cremades Garc\u00eda, profesora Titular de Derecho Civil y Vicedecana Relaciones Laborales y Recursos Humanos de la UMH.<br \/>\nSe requiere previa inscripci\u00f3n gratuita en la web del Seminario\u00a0<a href=\"https:\/\/spactualidadjuridica.es\/\">https:\/\/spactualidadjuridica.es\/<\/a><br \/>\n&nbsp;<br \/>\n<img src=\"https:\/\/derecho.umh.es\/files\/2021\/05\/2021.-Cartel-quinta-sesi%C3%B3n-VI-SPAJ-214x300.png\" alt=\"\" \/><br \/>\n&nbsp;<\/p>\n","protected":false},"excerpt":{"rendered":"<p>El viernes 14 de mayo tendr\u00e1 lugar la quinta y \u00faltima sesi\u00f3n de la VI\u00a0edici\u00f3n del Seminario Permanente de Actualidad Jur\u00eddica que organizan conjuntamente el Departamento de Ciencia Jur\u00eddica y la Facultad de Ciencias Sociales y Jur\u00eddicas de Elche de la UMH. En esta ocasi\u00f3n contaremos con la ponencia\u00a0\u00abLa transformaci\u00f3n del Derecho del Trabajo en [&hellip;]<\/p>\n","protected":false},"author":3004,"featured_media":0,"comment_status":"closed","ping_status":"closed","sticky":false,"template":"","format":"standard","meta":{"_et_pb_use_builder":"","_et_pb_old_content":"","_et_gb_content_width":"","ngg_post_thumbnail":0,"_links_to":"","_links_to_target":""},"categories":[228],"tags":[],"_links":{"self":[{"href":"https:\/\/derechosemipresencial.umh.es\/ca\/wp-json\/wp\/v2\/posts\/1554"}],"collection":[{"href":"https:\/\/derechosemipresencial.umh.es\/ca\/wp-json\/wp\/v2\/posts"}],"about":[{"href":"https:\/\/derechosemipresencial.umh.es\/ca\/wp-json\/wp\/v2\/types\/post"}],"author":[{"embeddable":true,"href":"https:\/\/derechosemipresencial.umh.es\/ca\/wp-json\/wp\/v2\/users\/3004"}],"replies":[{"embeddable":true,"href":"https:\/\/derechosemipresencial.umh.es\/ca\/wp-json\/wp\/v2\/comments?post=1554"}],"version-history":[{"count":0,"href":"https:\/\/derechosemipresencial.umh.es\/ca\/wp-json\/wp\/v2\/posts\/1554\/revisions"}],"wp:attachment":[{"href":"https:\/\/derechosemipresencial.umh.es\/ca\/wp-json\/wp\/v2\/media?parent=1554"}],"wp:term":[{"taxonomy":"category","embeddable":true,"href":"https:\/\/derechosemipresencial.umh.es\/ca\/wp-json\/wp\/v2\/categories?post=1554"},{"taxonomy":"post_tag","embeddable":true,"href":"https:\/\/derechosemipresencial.umh.es\/ca\/wp-json\/wp\/v2\/tags?post=1554"}],"curies":[{"name":"wp","href":"https:\/\/api.w.org\/{rel}","templated":true}]}}