{"id":1454,"date":"2020-11-20T09:42:09","date_gmt":"2020-11-20T09:42:09","guid":{"rendered":"http:\/\/derechosemipresencial.edu.umh.es\/?p=1454"},"modified":"2020-11-20T09:42:09","modified_gmt":"2020-11-20T09:42:09","slug":"fechas-para-la-solicitud-y-asignacion-de-los-tfgs-modelo-b","status":"publish","type":"post","link":"https:\/\/derechosemipresencial.umh.es\/ca\/2020\/11\/20\/fechas-para-la-solicitud-y-asignacion-de-los-tfgs-modelo-b\/","title":{"rendered":"Fechas para la solicitud y asignaci\u00f3n de los TFGs (modelo B)"},"content":{"rendered":"<div id=\"cuerpo\" class=\"cuerpo\">\n<div class=\"container\">\n<div class=\"row\">\n<div class=\"col col-lg-8 order-first order-lg-2\">\n<div class=\"row mt40\">\n<div class=\"col\">\n<div id=\"cuerpoPostSingle\" class=\"text-cuerpo\">\nLos plazos finales para la solicitud y asignaci\u00f3n de los Trabajos Fin de Grado de la Facultad de Ciencias Sociales y Jur\u00eddicas en su modalidad B (oferta-demanda) son los siguientes:<\/p>\n<table width=\"642\">\n<tbody>\n<tr>\n<td width=\"474\">Oferta por profesores<\/td>\n<td width=\"169\"><strong>Hasta el 29\/11\/2020<\/strong><\/td>\n<\/tr>\n<tr>\n<td>Validaci\u00f3n de l\u00edneas por Departamentos y Aceptaci\u00f3n por Vicedecanos<\/td>\n<td><strong>Hasta el 01\/12\/2020<\/strong><\/td>\n<\/tr>\n<tr>\n<td>Inscripci\u00f3n de alumnos (per\u00edodo para \u00abapuntarse\u00bb al asignaci\u00f3n por Modelo B)<\/td>\n<td>26\/11\/2020 a 01\/12\/2020<\/td>\n<\/tr>\n<tr>\n<td>Selecci\u00f3n (acci\u00f3n Vicedecan@s) (abre la posibilidad de selecci\u00f3n a estudiantes)<\/td>\n<td>02\/12\/2020<\/td>\n<\/tr>\n<tr>\n<td>Per\u00edodo de selecci\u00f3n (preferencias por parte de los alumnos)<\/td>\n<td>03\/12\/2020 a 10\/12\/2020<\/td>\n<\/tr>\n<tr>\n<td>Asignaci\u00f3n (acci\u00f3n Vicedecan@s) (asigna TFGs a estudiantes)<\/td>\n<td>11\/12\/2020<\/td>\n<\/tr>\n<tr>\n<td>Publicaci\u00f3n<\/td>\n<td>14\/12\/2020<\/td>\n<\/tr>\n<tr>\n<td>Definitiva<\/td>\n<td>18\/12\/2020<\/td>\n<\/tr>\n<\/tbody>\n<\/table>\n<\/div>\n<\/div>\n<\/div>\n<\/div>\n<\/div>\n<\/div>\n<\/div>\n<div id=\"footer-father\" class=\"footer_father sticky-bottom\"><\/div>\n","protected":false},"excerpt":{"rendered":"<p>Los plazos finales para la solicitud y asignaci\u00f3n de los Trabajos Fin de Grado de la Facultad de Ciencias Sociales y Jur\u00eddicas en su modalidad B (oferta-demanda) son los siguientes: Oferta por profesores Hasta el 29\/11\/2020 Validaci\u00f3n de l\u00edneas por Departamentos y Aceptaci\u00f3n por Vicedecanos Hasta el 01\/12\/2020 Inscripci\u00f3n de alumnos (per\u00edodo para \u00abapuntarse\u00bb al [&hellip;]<\/p>\n","protected":false},"author":3004,"featured_media":0,"comment_status":"closed","ping_status":"closed","sticky":false,"template":"","format":"standard","meta":{"_et_pb_use_builder":"","_et_pb_old_content":"","_et_gb_content_width":"","ngg_post_thumbnail":0,"_links_to":"","_links_to_target":""},"categories":[228],"tags":[],"_links":{"self":[{"href":"https:\/\/derechosemipresencial.umh.es\/ca\/wp-json\/wp\/v2\/posts\/1454"}],"collection":[{"href":"https:\/\/derechosemipresencial.umh.es\/ca\/wp-json\/wp\/v2\/posts"}],"about":[{"href":"https:\/\/derechosemipresencial.umh.es\/ca\/wp-json\/wp\/v2\/types\/post"}],"author":[{"embeddable":true,"href":"https:\/\/derechosemipresencial.umh.es\/ca\/wp-json\/wp\/v2\/users\/3004"}],"replies":[{"embeddable":true,"href":"https:\/\/derechosemipresencial.umh.es\/ca\/wp-json\/wp\/v2\/comments?post=1454"}],"version-history":[{"count":0,"href":"https:\/\/derechosemipresencial.umh.es\/ca\/wp-json\/wp\/v2\/posts\/1454\/revisions"}],"wp:attachment":[{"href":"https:\/\/derechosemipresencial.umh.es\/ca\/wp-json\/wp\/v2\/media?parent=1454"}],"wp:term":[{"taxonomy":"category","embeddable":true,"href":"https:\/\/derechosemipresencial.umh.es\/ca\/wp-json\/wp\/v2\/categories?post=1454"},{"taxonomy":"post_tag","embeddable":true,"href":"https:\/\/derechosemipresencial.umh.es\/ca\/wp-json\/wp\/v2\/tags?post=1454"}],"curies":[{"name":"wp","href":"https:\/\/api.w.org\/{rel}","templated":true}]}}